{"id":1917,"date":"2023-09-24T10:03:49","date_gmt":"2023-09-24T08:03:49","guid":{"rendered":"https:\/\/www.lyca-ec.fr\/?p=1917"},"modified":"2023-09-24T10:11:34","modified_gmt":"2023-09-24T08:11:34","slug":"elementor-1917","status":"publish","type":"post","link":"https:\/\/www.lyca-ec.fr\/?p=1917","title":{"rendered":"Facturation \u00e9lectronique \u2013 REPORT DE L\u2019ENTREE EN VIGUEURE"},"content":{"rendered":"\t\t<div data-elementor-type=\"wp-post\" data-elementor-id=\"1917\" class=\"elementor elementor-1917\">\n\t\t\t\t\t\t\t\t\t<section class=\"elementor-section elementor-top-section elementor-element elementor-element-db7ad13 elementor-section-boxed elementor-section-height-default elementor-section-height-default\" data-id=\"db7ad13\" data-element_type=\"section\" data-settings=\"{&quot;background_background&quot;:&quot;classic&quot;}\">\n\t\t\t\t\t\t<div class=\"elementor-container elementor-column-gap-default\">\n\t\t\t\t\t<div class=\"elementor-column elementor-col-100 elementor-top-column elementor-element elementor-element-035e8e1\" data-id=\"035e8e1\" data-element_type=\"column\">\n\t\t\t<div class=\"elementor-widget-wrap elementor-element-populated\">\n\t\t\t\t\t\t\t\t<div class=\"elementor-element elementor-element-e0683b7 elementor-widget elementor-widget-text-editor\" data-id=\"e0683b7\" data-element_type=\"widget\" data-widget_type=\"text-editor.default\">\n\t\t\t\t<div class=\"elementor-widget-container\">\n\t\t\t<style>\/*! elementor - v3.18.0 - 20-12-2023 *\/\n.elementor-widget-text-editor.elementor-drop-cap-view-stacked .elementor-drop-cap{background-color:#69727d;color:#fff}.elementor-widget-text-editor.elementor-drop-cap-view-framed .elementor-drop-cap{color:#69727d;border:3px solid;background-color:transparent}.elementor-widget-text-editor:not(.elementor-drop-cap-view-default) .elementor-drop-cap{margin-top:8px}.elementor-widget-text-editor:not(.elementor-drop-cap-view-default) .elementor-drop-cap-letter{width:1em;height:1em}.elementor-widget-text-editor .elementor-drop-cap{float:left;text-align:center;line-height:1;font-size:50px}.elementor-widget-text-editor .elementor-drop-cap-letter{display:inline-block}<\/style>\t\t\t\t<p><img decoding=\"async\" class=\"size-medium wp-image-1921 alignleft\" src=\"https:\/\/www.lyca-ec.fr\/wp-content\/uploads\/2023\/09\/Facturation-obligatoire-2x1-blog-2048x1024-1-300x150.png\" alt=\"\" width=\"300\" height=\"150\" srcset=\"https:\/\/www.lyca-ec.fr\/wp-content\/uploads\/2023\/09\/Facturation-obligatoire-2x1-blog-2048x1024-1-300x150.png 300w, https:\/\/www.lyca-ec.fr\/wp-content\/uploads\/2023\/09\/Facturation-obligatoire-2x1-blog-2048x1024-1-1024x512.png 1024w, https:\/\/www.lyca-ec.fr\/wp-content\/uploads\/2023\/09\/Facturation-obligatoire-2x1-blog-2048x1024-1-768x384.png 768w, https:\/\/www.lyca-ec.fr\/wp-content\/uploads\/2023\/09\/Facturation-obligatoire-2x1-blog-2048x1024-1-1536x768.png 1536w, https:\/\/www.lyca-ec.fr\/wp-content\/uploads\/2023\/09\/Facturation-obligatoire-2x1-blog-2048x1024-1.png 2048w\" sizes=\"(max-width: 300px) 100vw, 300px\" \/><\/p><p><strong style=\"font-style: inherit; color: var( --e-global-color-2b1c4e4a ); background-color: var(--ast-global-color-5);\">Le 28 juillet, \u00e0 moins d\u2019un an de l\u2019e<\/strong><strong style=\"font-style: inherit; color: var( --e-global-color-2b1c4e4a ); background-color: var(--ast-global-color-5);\">ntr\u00e9e en vi<\/strong><strong style=\"font-style: inherit; color: var( --e-global-color-2b1c4e4a ); background-color: var(--ast-global-color-5);\">gueur de la facturation \u00e9lectronique, la Direction G\u00e9n\u00e9rale des Finances Pub<\/strong><strong style=\"font-style: inherit; color: var( --e-global-color-2b1c4e4a ); background-color: var(--ast-global-color-5);\">liques a d\u00e9cid\u00e9 le report de la loi.<\/strong><\/p><p><span style=\"font-style: inherit; font-weight: inherit; color: var( --e-global-color-2b1c4e4a ); background-color: var(--ast-global-color-5);\">Nous faisons le point sur les prochaines \u00e9ch\u00e9ances \u00e0 venir et ce que cela implique sur la pr\u00e9paration des entreprises.<\/span><\/p><p><span style=\"font-style: inherit; font-weight: inherit; color: var( --e-global-color-2b1c4e4a ); background-color: var(--ast-global-color-5);\">\u00a0<\/span><\/p><h2><strong>Report de l&rsquo;obligation l\u00e9gale de facture \u00e9lectronique<\/strong><\/h2><p>Dans une d\u00e9claration officielle, publi\u00e9e sur\u00a0<a href=\"https:\/\/presse.economie.gouv.fr\/28072023-generalisation-de-la-facturation-electronique-report-de-lentree-en-vigueur-prevue-en-2024\/\">le site du gouvernement<\/a>, le minist\u00e8re de l\u2019\u00c9conomie et des Finances a annonc\u00e9 le d\u00e9calage de la r\u00e9forme sur la facturation \u00e9lectronique. L\u2019obligation initialement pr\u00e9vue, dans le but de simplifier les d\u00e9clarations de TVA et lutter contre la fraude fiscale aurait d\u00fb entrer en vigueur en 2024.<\/p><p>Au 1er\u00a0juillet 2024, toutes les entreprises fran\u00e7aises assujetties \u00e0 la TVA devaient \u00eatre en mesure de r\u00e9ceptionner des factures d\u00e9mat\u00e9rialis\u00e9es.<\/p><p>L\u2019obligation d\u2019\u00e9mission, quant \u00e0 elle, s\u2019appliquait de mani\u00e8re progressive\u00a0: en premier lieu aux grandes entreprises (au 1er juillet 2024)\u00a0 et enfin aux PME et micro-entreprises (au 1er janvier 2026).<\/p><p><strong>Cette d\u00e9cision de report a \u00e9t\u00e9 prise dans le but de donner plus de temps \u00e0 la mise en place de cette r\u00e9forme majeure pour l\u2019\u00e9conomie. <\/strong><\/p><p>Les efforts continus pour garantir une transition r\u00e9ussie vers la facturation \u00e9lectronique, r\u00e9pondant au mieux aux attentes des entreprises. La date pr\u00e9cise du report sera d\u00e9finie dans la loi de finances pour 2024.<\/p><h2><strong>L\u2019objectif du report\u00a0: mieux pr\u00e9parer la transition vers la facture \u00e9lectronique<\/strong><\/h2><p>Le report de l\u2019obligation d\u2019\u00e9mettre et de recevoir des factures \u00e9lectroniques vise \u00e0 offrir plus de temps aux organisations pour orchestrer cette transition.<\/p><p>D\u2019ailleurs plusieurs \u00e9tudes abondent dans le sens de ces \u00e9changes\u00a0:<\/p><ul><li>Un\u00a0<a href=\"https:\/\/www.soprasteria.fr\/espace-media\/communiques\/details\/reforme-de-la-facturation-electronique-500-dirigeants-s-expriment-e-travers-une-enquete-par-ipsos-pour-sopra-steria-next-et-kolecto-fintech-du-credit-agricole\">sondage d\u2019IPSOS pour Sopra Steria Next et Kolecto<\/a>, effectu\u00e9 aupr\u00e8s d\u2019environ 500 dirigeants, \u00e9tablit que 75% des entreprises ne comprennent pas clairement les implications de la r\u00e9forme sur la facturation \u00e9lectronique.<\/li><li>Une enqu\u00eate men\u00e9e par\u00a0<a href=\"https:\/\/www.generixgroup.com\/fr\/communiques-de-presse\/generix-group-presente-son-4e-barometre-de-la-facture-electronique\">Markess by Ex\u00e6gis en partenariat avec Generix Group<\/a>, aupr\u00e8s de 200 d\u00e9cideurs fran\u00e7ais, d\u00e9montre que 27% des entreprises ne sont pas pr\u00eates pour la r\u00e9forme.<\/li><\/ul><p>Pour de nombreuses entreprises, surtout les plus petites, cette r\u00e9forme n\u00e9cessitera un changement majeur de m\u00e9thode, impliquant une p\u00e9riode d\u2019adaptation.<\/p><p>Afin de se conformer \u00e0 cette r\u00e9glementation, les entreprises devront choisir une plateforme pour la r\u00e9ception des factures \u00e9lectroniques. Elles auront le choix entre le portail public Chorus Pro et une plateforme de d\u00e9mat\u00e9rialisation partenaire (PDP). Les candidatures des plateformes de d\u00e9mat\u00e9rialisation qui souhaitent \u00eatre reconnues comme partenaires sont actuellement \u00e9tudi\u00e9es par la DGFiP.<\/p><h2>\u00a0<strong style=\"color: var(--ast-global-color-2); font-size: 2rem; font-style: inherit; background-color: var(--ast-global-color-5);\">Report de la facture \u00e9lectronique\u00a0: quand et comment s\u2019y pr\u00e9parer\u00a0?<\/strong><\/h2><p>La r\u00e9forme sur l\u2019e-invoicing et l\u2019e-reporting aura bien lieu\u00a0! Certes, nous n\u2019avons pas la date\u2026 Mais il est essentiel de ne pas freiner l\u2019\u00e9lan qui avait \u00e9t\u00e9 initi\u00e9 jusqu\u2019\u00e0 maintenant, de r\u00e9fl\u00e9chir \u00e0 sa transition et de s\u2019informer des d\u00e9tails de la r\u00e9forme au fur et \u00e0 mesure qu\u2019ils paraissent.<\/p><p>Le report de la loi sur la facturation \u00e9lectronique offre l\u2019occasion aux <strong>entreprises de MIEUX se pr\u00e9parer<\/strong>. Si vous avez d\u00e9marr\u00e9 vos efforts d\u2019adaptation, gardez le cap\u00a0! Si vous \u00e9tiez en train de m\u00fbrir le plan de digitalisation de vos factures, continuez votre r\u00e9flexion. Le calendrier pourra \u00eatre adapt\u00e9 par la suite. L\u2019essentiel est d\u2019avoir tous les \u00e9l\u00e9ments en main au moment o\u00f9 la loi entrera en vigueur.<\/p><h2><strong>Notre astuce pour vous pr\u00e9parer \u00e0 la facture \u00e9lectronique<\/strong><\/h2><p>La nouvelle \u00e9ch\u00e9ance pour l\u2019adoption de la facture d\u00e9mat\u00e9rialis\u00e9e n\u2019a pas encore \u00e9t\u00e9 pr\u00e9cis\u00e9e par Bercy. Elle sera d\u00e9termin\u00e9e dans le cadre de l\u2019adoption de la loi de finances pour 2024. Cependant, n\u2019attendez pas de conna\u00eetre la date du report de la r\u00e9forme sur la facture \u00e9lectronique.<\/p><p>Pour \u00eatre pr\u00eates, les entreprises devront r\u00e9aliser\u00a0une analyse de l\u2019existant\u00a0notamment pour savoir :<\/p><ul><li>Quelles sont les factures concern\u00e9es par la r\u00e9forme ?<\/li><li>Quelles sont les adaptations qui doivent \u00eatre faites dans mon organisation pour r\u00e9pondre aux exigences de l\u2019e-invoicing, de l\u2019e-reporting ?<\/li><\/ul><p>Ceci implique une cartographie des processus pr\u00e9cise, des outils et des flux et bien s\u00fbr d\u2019\u00e9valuer la qualit\u00e9 des donn\u00e9es pr\u00e9sentes dans votre syst\u00e8me d\u2019information.<\/p><p>\u00a0<\/p>\t\t\t\t\t\t<\/div>\n\t\t\t\t<\/div>\n\t\t\t\t\t<\/div>\n\t\t<\/div>\n\t\t\t\t\t\t\t<\/div>\n\t\t<\/section>\n\t\t\t\t\t\t\t<\/div>\n\t\t","protected":false},"excerpt":{"rendered":"<p>Le 28 juillet, \u00e0 moins d\u2019un an de l\u2019entr\u00e9e en vigueur de la facturation \u00e9lectronique, la Direction G\u00e9n\u00e9rale des Finances Publiques a d\u00e9cid\u00e9 le report de la loi. Nous faisons &hellip;<\/p>\n<p class=\"read-more\"> <a class=\"\" href=\"https:\/\/www.lyca-ec.fr\/?p=1917\"> <span class=\"screen-reader-text\">Facturation \u00e9lectronique \u2013 REPORT DE L\u2019ENTREE EN VIGUEURE<\/span> Lire la suite\u00a0\u00bb<\/a><\/p>\n","protected":false},"author":1,"featured_media":0,"comment_status":"open","ping_status":"open","sticky":false,"template":"","format":"standard","meta":{"site-sidebar-layout":"default","site-content-layout":"default","ast-global-header-display":"","ast-main-header-display":"","ast-hfb-above-header-display":"","ast-hfb-below-header-display":"","ast-hfb-mobile-header-display":"","site-post-title":"","ast-breadcrumbs-content":"","ast-featured-img":"","footer-sml-layout":"","theme-transparent-header-meta":"","adv-header-id-meta":"","stick-header-meta":"","header-above-stick-meta":"","header-main-stick-meta":"","header-below-stick-meta":"","_price":"","_stock":"","_tribe_ticket_header":"","_tribe_default_ticket_provider":"","_tribe_ticket_capacity":"0","_ticket_start_date":"","_ticket_end_date":"","_tribe_ticket_show_description":"","_tribe_ticket_show_not_going":false,"_tribe_ticket_use_global_stock":"","_tribe_ticket_global_stock_level":"","_global_stock_mode":"","_global_stock_cap":"","_tribe_rsvp_for_event":"","_tribe_ticket_going_count":"","_tribe_ticket_not_going_count":"","_tribe_tickets_list":"[]","_tribe_ticket_has_attendee_info_fields":false,"footnotes":""},"categories":[1],"tags":[],"class_list":["post-1917","post","type-post","status-publish","format-standard","hentry","category-lyca-expertise-conseils"],"yoast_head":"<!-- This site is optimized with the Yoast SEO plugin v21.9.1 - https:\/\/yoast.com\/wordpress\/plugins\/seo\/ -->\n<title>Facturation \u00e9lectronique \u2013 REPORT DE L\u2019ENTREE EN VIGUEURE -<\/title>\n<meta name=\"robots\" content=\"index, follow, max-snippet:-1, max-image-preview:large, max-video-preview:-1\" \/>\n<link rel=\"canonical\" href=\"https:\/\/www.lyca-ec.fr\/?p=1917\" \/>\n<meta property=\"og:locale\" content=\"fr_FR\" \/>\n<meta property=\"og:type\" content=\"article\" \/>\n<meta property=\"og:title\" content=\"Facturation \u00e9lectronique \u2013 REPORT DE L\u2019ENTREE EN VIGUEURE -\" \/>\n<meta property=\"og:description\" content=\"Le 28 juillet, \u00e0 moins d\u2019un an de l\u2019entr\u00e9e en vigueur de la facturation \u00e9lectronique, la Direction G\u00e9n\u00e9rale des Finances Publiques a d\u00e9cid\u00e9 le report de la loi. Nous faisons &hellip; Facturation \u00e9lectronique \u2013 REPORT DE L\u2019ENTREE EN VIGUEURE Lire la suite\u00a0\u00bb\" \/>\n<meta property=\"og:url\" content=\"https:\/\/www.lyca-ec.fr\/?p=1917\" \/>\n<meta property=\"article:published_time\" content=\"2023-09-24T08:03:49+00:00\" \/>\n<meta property=\"article:modified_time\" content=\"2023-09-24T08:11:34+00:00\" \/>\n<meta property=\"og:image\" content=\"https:\/\/www.lyca-ec.fr\/wp-content\/uploads\/2023\/09\/Facturation-obligatoire-2x1-blog-2048x1024-1-300x150.png\" \/>\n<meta name=\"author\" content=\"Lyca Expertise &amp; Conseils\" \/>\n<meta name=\"twitter:card\" content=\"summary_large_image\" \/>\n<meta name=\"twitter:label1\" content=\"\u00c9crit par\" \/>\n\t<meta name=\"twitter:data1\" content=\"Lyca Expertise &amp; Conseils\" \/>\n\t<meta name=\"twitter:label2\" content=\"Dur\u00e9e de lecture estim\u00e9e\" \/>\n\t<meta name=\"twitter:data2\" content=\"4 minutes\" \/>\n<script type=\"application\/ld+json\" class=\"yoast-schema-graph\">{\"@context\":\"https:\/\/schema.org\",\"@graph\":[{\"@type\":\"Article\",\"@id\":\"https:\/\/www.lyca-ec.fr\/?p=1917#article\",\"isPartOf\":{\"@id\":\"https:\/\/www.lyca-ec.fr\/?p=1917\"},\"author\":{\"name\":\"Lyca Expertise &amp; Conseils\",\"@id\":\"https:\/\/www.lyca-ec.fr\/#\/schema\/person\/c6398f0529e9c0da5b9102d47656b7d7\"},\"headline\":\"Facturation \u00e9lectronique \u2013 REPORT DE L\u2019ENTREE EN VIGUEURE\",\"datePublished\":\"2023-09-24T08:03:49+00:00\",\"dateModified\":\"2023-09-24T08:11:34+00:00\",\"mainEntityOfPage\":{\"@id\":\"https:\/\/www.lyca-ec.fr\/?p=1917\"},\"wordCount\":752,\"commentCount\":0,\"publisher\":{\"@id\":\"https:\/\/www.lyca-ec.fr\/#organization\"},\"articleSection\":[\"Actualit\u00e9s\"],\"inLanguage\":\"fr-FR\",\"potentialAction\":[{\"@type\":\"CommentAction\",\"name\":\"Comment\",\"target\":[\"https:\/\/www.lyca-ec.fr\/?p=1917#respond\"]}]},{\"@type\":\"WebPage\",\"@id\":\"https:\/\/www.lyca-ec.fr\/?p=1917\",\"url\":\"https:\/\/www.lyca-ec.fr\/?p=1917\",\"name\":\"Facturation \u00e9lectronique \u2013 REPORT DE L\u2019ENTREE EN VIGUEURE -\",\"isPartOf\":{\"@id\":\"https:\/\/www.lyca-ec.fr\/#website\"},\"datePublished\":\"2023-09-24T08:03:49+00:00\",\"dateModified\":\"2023-09-24T08:11:34+00:00\",\"breadcrumb\":{\"@id\":\"https:\/\/www.lyca-ec.fr\/?p=1917#breadcrumb\"},\"inLanguage\":\"fr-FR\",\"potentialAction\":[{\"@type\":\"ReadAction\",\"target\":[\"https:\/\/www.lyca-ec.fr\/?p=1917\"]}]},{\"@type\":\"BreadcrumbList\",\"@id\":\"https:\/\/www.lyca-ec.fr\/?p=1917#breadcrumb\",\"itemListElement\":[{\"@type\":\"ListItem\",\"position\":1,\"name\":\"Accueil\",\"item\":\"https:\/\/www.lyca-ec.fr\/\"},{\"@type\":\"ListItem\",\"position\":2,\"name\":\"Facturation \u00e9lectronique \u2013 REPORT DE L\u2019ENTREE EN VIGUEURE\"}]},{\"@type\":\"WebSite\",\"@id\":\"https:\/\/www.lyca-ec.fr\/#website\",\"url\":\"https:\/\/www.lyca-ec.fr\/\",\"name\":\"LYCA Expertise & Conseils\",\"description\":\"LYCA Expertise &amp; Conseils\",\"publisher\":{\"@id\":\"https:\/\/www.lyca-ec.fr\/#organization\"},\"potentialAction\":[{\"@type\":\"SearchAction\",\"target\":{\"@type\":\"EntryPoint\",\"urlTemplate\":\"https:\/\/www.lyca-ec.fr\/?s={search_term_string}\"},\"query-input\":\"required name=search_term_string\"}],\"inLanguage\":\"fr-FR\"},{\"@type\":\"Organization\",\"@id\":\"https:\/\/www.lyca-ec.fr\/#organization\",\"name\":\"LYCA Expertise & Conseils\",\"url\":\"https:\/\/www.lyca-ec.fr\/\",\"logo\":{\"@type\":\"ImageObject\",\"inLanguage\":\"fr-FR\",\"@id\":\"https:\/\/www.lyca-ec.fr\/#\/schema\/logo\/image\/\",\"url\":\"https:\/\/www.lyca-ec.fr\/wp-content\/uploads\/2022\/11\/cropped-cropped-Copie-de-Noir-et-Or-Cercle-Immobilier-Logo-2_prev_ui.png\",\"contentUrl\":\"https:\/\/www.lyca-ec.fr\/wp-content\/uploads\/2022\/11\/cropped-cropped-Copie-de-Noir-et-Or-Cercle-Immobilier-Logo-2_prev_ui.png\",\"width\":305,\"height\":300,\"caption\":\"LYCA Expertise & Conseils\"},\"image\":{\"@id\":\"https:\/\/www.lyca-ec.fr\/#\/schema\/logo\/image\/\"},\"sameAs\":[\"https:\/\/www.linkedin.com\/company\/lyca-expertise-conseils\"]},{\"@type\":\"Person\",\"@id\":\"https:\/\/www.lyca-ec.fr\/#\/schema\/person\/c6398f0529e9c0da5b9102d47656b7d7\",\"name\":\"Lyca Expertise &amp; Conseils\",\"image\":{\"@type\":\"ImageObject\",\"inLanguage\":\"fr-FR\",\"@id\":\"https:\/\/www.lyca-ec.fr\/#\/schema\/person\/image\/\",\"url\":\"https:\/\/secure.gravatar.com\/avatar\/61e1b03b65f73e0bc872340b60347a6b664ecaab6410d9f0763e9e9b16081d08?s=96&d=mm&r=g\",\"contentUrl\":\"https:\/\/secure.gravatar.com\/avatar\/61e1b03b65f73e0bc872340b60347a6b664ecaab6410d9f0763e9e9b16081d08?s=96&d=mm&r=g\",\"caption\":\"Lyca Expertise &amp; Conseils\"},\"sameAs\":[\"http:\/\/www.lyca-ec.fr\"],\"url\":\"https:\/\/www.lyca-ec.fr\/?author=1\"}]}<\/script>\n<!-- \/ Yoast SEO plugin. -->","yoast_head_json":{"title":"Facturation \u00e9lectronique \u2013 REPORT DE L\u2019ENTREE EN VIGUEURE -","robots":{"index":"index","follow":"follow","max-snippet":"max-snippet:-1","max-image-preview":"max-image-preview:large","max-video-preview":"max-video-preview:-1"},"canonical":"https:\/\/www.lyca-ec.fr\/?p=1917","og_locale":"fr_FR","og_type":"article","og_title":"Facturation \u00e9lectronique \u2013 REPORT DE L\u2019ENTREE EN VIGUEURE -","og_description":"Le 28 juillet, \u00e0 moins d\u2019un an de l\u2019entr\u00e9e en vigueur de la facturation \u00e9lectronique, la Direction G\u00e9n\u00e9rale des Finances Publiques a d\u00e9cid\u00e9 le report de la loi. Nous faisons &hellip; Facturation \u00e9lectronique \u2013 REPORT DE L\u2019ENTREE EN VIGUEURE Lire la suite\u00a0\u00bb","og_url":"https:\/\/www.lyca-ec.fr\/?p=1917","article_published_time":"2023-09-24T08:03:49+00:00","article_modified_time":"2023-09-24T08:11:34+00:00","og_image":[{"url":"https:\/\/www.lyca-ec.fr\/wp-content\/uploads\/2023\/09\/Facturation-obligatoire-2x1-blog-2048x1024-1-300x150.png"}],"author":"Lyca Expertise &amp; Conseils","twitter_card":"summary_large_image","twitter_misc":{"\u00c9crit par":"Lyca Expertise &amp; Conseils","Dur\u00e9e de lecture estim\u00e9e":"4 minutes"},"schema":{"@context":"https:\/\/schema.org","@graph":[{"@type":"Article","@id":"https:\/\/www.lyca-ec.fr\/?p=1917#article","isPartOf":{"@id":"https:\/\/www.lyca-ec.fr\/?p=1917"},"author":{"name":"Lyca Expertise &amp; Conseils","@id":"https:\/\/www.lyca-ec.fr\/#\/schema\/person\/c6398f0529e9c0da5b9102d47656b7d7"},"headline":"Facturation \u00e9lectronique \u2013 REPORT DE L\u2019ENTREE EN VIGUEURE","datePublished":"2023-09-24T08:03:49+00:00","dateModified":"2023-09-24T08:11:34+00:00","mainEntityOfPage":{"@id":"https:\/\/www.lyca-ec.fr\/?p=1917"},"wordCount":752,"commentCount":0,"publisher":{"@id":"https:\/\/www.lyca-ec.fr\/#organization"},"articleSection":["Actualit\u00e9s"],"inLanguage":"fr-FR","potentialAction":[{"@type":"CommentAction","name":"Comment","target":["https:\/\/www.lyca-ec.fr\/?p=1917#respond"]}]},{"@type":"WebPage","@id":"https:\/\/www.lyca-ec.fr\/?p=1917","url":"https:\/\/www.lyca-ec.fr\/?p=1917","name":"Facturation \u00e9lectronique \u2013 REPORT DE L\u2019ENTREE EN VIGUEURE -","isPartOf":{"@id":"https:\/\/www.lyca-ec.fr\/#website"},"datePublished":"2023-09-24T08:03:49+00:00","dateModified":"2023-09-24T08:11:34+00:00","breadcrumb":{"@id":"https:\/\/www.lyca-ec.fr\/?p=1917#breadcrumb"},"inLanguage":"fr-FR","potentialAction":[{"@type":"ReadAction","target":["https:\/\/www.lyca-ec.fr\/?p=1917"]}]},{"@type":"BreadcrumbList","@id":"https:\/\/www.lyca-ec.fr\/?p=1917#breadcrumb","itemListElement":[{"@type":"ListItem","position":1,"name":"Accueil","item":"https:\/\/www.lyca-ec.fr\/"},{"@type":"ListItem","position":2,"name":"Facturation \u00e9lectronique \u2013 REPORT DE L\u2019ENTREE EN VIGUEURE"}]},{"@type":"WebSite","@id":"https:\/\/www.lyca-ec.fr\/#website","url":"https:\/\/www.lyca-ec.fr\/","name":"LYCA Expertise & Conseils","description":"LYCA Expertise &amp; Conseils","publisher":{"@id":"https:\/\/www.lyca-ec.fr\/#organization"},"potentialAction":[{"@type":"SearchAction","target":{"@type":"EntryPoint","urlTemplate":"https:\/\/www.lyca-ec.fr\/?s={search_term_string}"},"query-input":"required name=search_term_string"}],"inLanguage":"fr-FR"},{"@type":"Organization","@id":"https:\/\/www.lyca-ec.fr\/#organization","name":"LYCA Expertise & Conseils","url":"https:\/\/www.lyca-ec.fr\/","logo":{"@type":"ImageObject","inLanguage":"fr-FR","@id":"https:\/\/www.lyca-ec.fr\/#\/schema\/logo\/image\/","url":"https:\/\/www.lyca-ec.fr\/wp-content\/uploads\/2022\/11\/cropped-cropped-Copie-de-Noir-et-Or-Cercle-Immobilier-Logo-2_prev_ui.png","contentUrl":"https:\/\/www.lyca-ec.fr\/wp-content\/uploads\/2022\/11\/cropped-cropped-Copie-de-Noir-et-Or-Cercle-Immobilier-Logo-2_prev_ui.png","width":305,"height":300,"caption":"LYCA Expertise & Conseils"},"image":{"@id":"https:\/\/www.lyca-ec.fr\/#\/schema\/logo\/image\/"},"sameAs":["https:\/\/www.linkedin.com\/company\/lyca-expertise-conseils"]},{"@type":"Person","@id":"https:\/\/www.lyca-ec.fr\/#\/schema\/person\/c6398f0529e9c0da5b9102d47656b7d7","name":"Lyca Expertise &amp; Conseils","image":{"@type":"ImageObject","inLanguage":"fr-FR","@id":"https:\/\/www.lyca-ec.fr\/#\/schema\/person\/image\/","url":"https:\/\/secure.gravatar.com\/avatar\/61e1b03b65f73e0bc872340b60347a6b664ecaab6410d9f0763e9e9b16081d08?s=96&d=mm&r=g","contentUrl":"https:\/\/secure.gravatar.com\/avatar\/61e1b03b65f73e0bc872340b60347a6b664ecaab6410d9f0763e9e9b16081d08?s=96&d=mm&r=g","caption":"Lyca Expertise &amp; Conseils"},"sameAs":["http:\/\/www.lyca-ec.fr"],"url":"https:\/\/www.lyca-ec.fr\/?author=1"}]}},"_links":{"self":[{"href":"https:\/\/www.lyca-ec.fr\/index.php?rest_route=\/wp\/v2\/posts\/1917","targetHints":{"allow":["GET"]}}],"collection":[{"href":"https:\/\/www.lyca-ec.fr\/index.php?rest_route=\/wp\/v2\/posts"}],"about":[{"href":"https:\/\/www.lyca-ec.fr\/index.php?rest_route=\/wp\/v2\/types\/post"}],"author":[{"embeddable":true,"href":"https:\/\/www.lyca-ec.fr\/index.php?rest_route=\/wp\/v2\/users\/1"}],"replies":[{"embeddable":true,"href":"https:\/\/www.lyca-ec.fr\/index.php?rest_route=%2Fwp%2Fv2%2Fcomments&post=1917"}],"version-history":[{"count":8,"href":"https:\/\/www.lyca-ec.fr\/index.php?rest_route=\/wp\/v2\/posts\/1917\/revisions"}],"predecessor-version":[{"id":1927,"href":"https:\/\/www.lyca-ec.fr\/index.php?rest_route=\/wp\/v2\/posts\/1917\/revisions\/1927"}],"wp:attachment":[{"href":"https:\/\/www.lyca-ec.fr\/index.php?rest_route=%2Fwp%2Fv2%2Fmedia&parent=1917"}],"wp:term":[{"taxonomy":"category","embeddable":true,"href":"https:\/\/www.lyca-ec.fr\/index.php?rest_route=%2Fwp%2Fv2%2Fcategories&post=1917"},{"taxonomy":"post_tag","embeddable":true,"href":"https:\/\/www.lyca-ec.fr\/index.php?rest_route=%2Fwp%2Fv2%2Ftags&post=1917"}],"curies":[{"name":"wp","href":"https:\/\/api.w.org\/{rel}","templated":true}]}}