{"id":1928,"date":"2023-09-24T10:28:40","date_gmt":"2023-09-24T08:28:40","guid":{"rendered":"https:\/\/www.lyca-ec.fr\/?p=1928"},"modified":"2023-09-24T10:28:59","modified_gmt":"2023-09-24T08:28:59","slug":"conges-payes-et-arret-maladie","status":"publish","type":"post","link":"https:\/\/www.lyca-ec.fr\/?p=1928","title":{"rendered":"Cong\u00e9s pay\u00e9s et arr\u00eat maladie"},"content":{"rendered":"\t\t<div data-elementor-type=\"wp-post\" data-elementor-id=\"1928\" class=\"elementor elementor-1928\">\n\t\t\t\t\t\t\t\t\t<section class=\"elementor-section elementor-top-section elementor-element elementor-element-3dbc330 elementor-section-boxed elementor-section-height-default elementor-section-height-default\" data-id=\"3dbc330\" data-element_type=\"section\">\n\t\t\t\t\t\t<div class=\"elementor-container elementor-column-gap-default\">\n\t\t\t\t\t<div class=\"elementor-column elementor-col-100 elementor-top-column elementor-element elementor-element-a6d3502\" data-id=\"a6d3502\" data-element_type=\"column\">\n\t\t\t<div class=\"elementor-widget-wrap elementor-element-populated\">\n\t\t\t\t\t\t\t\t<div class=\"elementor-element elementor-element-8b9da97 elementor-widget elementor-widget-text-editor\" data-id=\"8b9da97\" data-element_type=\"widget\" data-widget_type=\"text-editor.default\">\n\t\t\t\t<div class=\"elementor-widget-container\">\n\t\t\t<style>\/*! elementor - v3.18.0 - 20-12-2023 *\/\n.elementor-widget-text-editor.elementor-drop-cap-view-stacked .elementor-drop-cap{background-color:#69727d;color:#fff}.elementor-widget-text-editor.elementor-drop-cap-view-framed .elementor-drop-cap{color:#69727d;border:3px solid;background-color:transparent}.elementor-widget-text-editor:not(.elementor-drop-cap-view-default) .elementor-drop-cap{margin-top:8px}.elementor-widget-text-editor:not(.elementor-drop-cap-view-default) .elementor-drop-cap-letter{width:1em;height:1em}.elementor-widget-text-editor .elementor-drop-cap{float:left;text-align:center;line-height:1;font-size:50px}.elementor-widget-text-editor .elementor-drop-cap-letter{display:inline-block}<\/style>\t\t\t\t<div id=\"actualite\" class=\"lead\">\n<p><img decoding=\"async\" class=\" wp-image-1929 alignleft\" src=\"https:\/\/www.lyca-ec.fr\/wp-content\/uploads\/2023\/09\/arret-maladie-300x200.jpg\" alt=\"\" width=\"214\" height=\"142\" srcset=\"https:\/\/www.lyca-ec.fr\/wp-content\/uploads\/2023\/09\/arret-maladie-300x200.jpg 300w, https:\/\/www.lyca-ec.fr\/wp-content\/uploads\/2023\/09\/arret-maladie-1024x682.jpg 1024w, https:\/\/www.lyca-ec.fr\/wp-content\/uploads\/2023\/09\/arret-maladie-768x512.jpg 768w, https:\/\/www.lyca-ec.fr\/wp-content\/uploads\/2023\/09\/arret-maladie.jpg 1280w\" sizes=\"(max-width: 214px) 100vw, 214px\" \/><\/p>\n<p>Afin de se mettre en conformit\u00e9 avec le droit de l\u2019Union europ\u00e9enne (UE), la Cour de cassation a rendu le 13&nbsp;septembre&nbsp;2023 plusieurs arr\u00eats dans lesquels elle am\u00e9liore les droits des salari\u00e9s aux cong\u00e9s pay\u00e9s.<\/p>\n<p><strong>&nbsp;<\/strong><strong style=\"font-style: inherit; background-color: var(--ast-global-color-5); color: var(--ast-global-color-3);\">Elle permet notamment l&rsquo;acquisition de cong\u00e9s pay\u00e9s pendant un arr\u00eat de travail pour maladie ou accident non professionnel.<\/strong><\/p>\n<\/div>\n<p><span style=\"background-color: var(--ast-global-color-5); color: var(--ast-global-color-3); font-style: inherit; font-weight: inherit;\">&nbsp;<\/span><span style=\"background-color: var(--ast-global-color-5); color: var(--ast-global-color-3); font-style: inherit; font-weight: inherit;\">Jusqu\u2019\u00e0 pr\u00e9sent, en vertu de la loi, il n\u2019\u00e9tait pas possible d\u2019acqu\u00e9rir des jours de cong\u00e9s pay\u00e9s durant un arr\u00eat de travail. Cette disposition du Code du travail a \u00e9t\u00e9 jug\u00e9e contraire au droit de l\u2019Union europ\u00e9enne par la Cour de cassation. Elle se base sur l&rsquo;article&nbsp;31 paragraphe&nbsp;2 de la Charte des droits fondamentaux de l\u2019UE et sur l&rsquo;article&nbsp;7 de la Directive 2003\/88.<\/span><\/p>\n<p>La Cour consid\u00e8re d\u00e9sormais que les arr\u00eats maladie constituent des p\u00e9riodes de travail effectif d\u00e9terminant la dur\u00e9e du cong\u00e9 au m\u00eame titre que les cong\u00e9s maternit\u00e9 ou les cong\u00e9s pay\u00e9s par exemple.<\/p>\n<p>Ainsi, le salari\u00e9 en<strong>&nbsp;arr\u00eat de travail pour maladie ou accident non professionnel<\/strong>&nbsp;est&nbsp;<strong>en droit d&rsquo;acqu\u00e9rir des cong\u00e9s pay\u00e9s comme s\u2019il travaillait<\/strong>.<\/p>\n<p>De plus, la Cour se conforme aussi au droit de l\u2019UE dans 2&nbsp;autres arr\u00eats et pose&nbsp;:<\/p>\n<ul>\n<li>qu\u2019<strong>en cas d\u2019accident du travail ou de maladie professionnelle<\/strong>, le salari\u00e9 doit&nbsp;<strong>continuer d\u2019acqu\u00e9rir des cong\u00e9s pendant l&rsquo;int\u00e9gralit\u00e9 de son arr\u00eat de travail<\/strong>. Le calcul des droits \u00e0 cong\u00e9 pay\u00e9 ne sera donc plus limit\u00e9 \u00e0 la premi\u00e8re ann\u00e9e de l\u2019arr\u00eat de travail&nbsp;;<\/li>\n<li>que la prescription du droit \u00e0 cong\u00e9 pay\u00e9 ne d\u00e9bute&nbsp;<strong>que si l&#8217;employeur a mis son salari\u00e9 en mesure d\u2019exercer ce droit<\/strong>.<\/li>\n<\/ul>\n<p>Ces principes sont d\u00e9sormais pos\u00e9s par la Haute juridiction et deviennent (\u00e0 notre sens) la r\u00e8gle \u00e0 appliquer d\u00e8s \u00e0 pr\u00e9sent.<\/p>\n<p><strong>Place maintenant au l\u00e9gislateur de modifier le Code du travail sur ces points\u2026<\/strong><\/p>\t\t\t\t\t\t<\/div>\n\t\t\t\t<\/div>\n\t\t\t\t\t<\/div>\n\t\t<\/div>\n\t\t\t\t\t\t\t<\/div>\n\t\t<\/section>\n\t\t\t\t\t\t\t<\/div>\n\t\t","protected":false},"excerpt":{"rendered":"<p>Afin de se mettre en conformit\u00e9 avec le droit de l\u2019Union europ\u00e9enne (UE), la Cour de cassation a rendu le 13&nbsp;septembre&nbsp;2023 plusieurs arr\u00eats dans lesquels elle am\u00e9liore les droits des &hellip;<\/p>\n<p class=\"read-more\"> <a class=\"\" href=\"https:\/\/www.lyca-ec.fr\/?p=1928\"> <span class=\"screen-reader-text\">Cong\u00e9s pay\u00e9s et arr\u00eat maladie<\/span> Lire la suite\u00a0\u00bb<\/a><\/p>\n","protected":false},"author":1,"featured_media":0,"comment_status":"open","ping_status":"open","sticky":false,"template":"","format":"standard","meta":{"site-sidebar-layout":"default","site-content-layout":"default","ast-global-header-display":"","ast-main-header-display":"","ast-hfb-above-header-display":"","ast-hfb-below-header-display":"","ast-hfb-mobile-header-display":"","site-post-title":"","ast-breadcrumbs-content":"","ast-featured-img":"","footer-sml-layout":"","theme-transparent-header-meta":"","adv-header-id-meta":"","stick-header-meta":"","header-above-stick-meta":"","header-main-stick-meta":"","header-below-stick-meta":"","_price":"","_stock":"","_tribe_ticket_header":"","_tribe_default_ticket_provider":"","_tribe_ticket_capacity":"0","_ticket_start_date":"","_ticket_end_date":"","_tribe_ticket_show_description":"","_tribe_ticket_show_not_going":false,"_tribe_ticket_use_global_stock":"","_tribe_ticket_global_stock_level":"","_global_stock_mode":"","_global_stock_cap":"","_tribe_rsvp_for_event":"","_tribe_ticket_going_count":"","_tribe_ticket_not_going_count":"","_tribe_tickets_list":"[]","_tribe_ticket_has_attendee_info_fields":false,"footnotes":""},"categories":[1],"tags":[],"class_list":["post-1928","post","type-post","status-publish","format-standard","hentry","category-lyca-expertise-conseils"],"yoast_head":"<!-- This site is optimized with the Yoast SEO plugin v21.9.1 - https:\/\/yoast.com\/wordpress\/plugins\/seo\/ -->\n<title>Cong\u00e9s pay\u00e9s et arr\u00eat maladie -<\/title>\n<meta name=\"robots\" content=\"index, follow, max-snippet:-1, max-image-preview:large, max-video-preview:-1\" \/>\n<link rel=\"canonical\" href=\"https:\/\/www.lyca-ec.fr\/?p=1928\" \/>\n<meta property=\"og:locale\" content=\"fr_FR\" \/>\n<meta property=\"og:type\" content=\"article\" \/>\n<meta property=\"og:title\" content=\"Cong\u00e9s pay\u00e9s et arr\u00eat maladie -\" \/>\n<meta property=\"og:description\" content=\"Afin de se mettre en conformit\u00e9 avec le droit de l\u2019Union europ\u00e9enne (UE), la Cour de cassation a rendu le 13&nbsp;septembre&nbsp;2023 plusieurs arr\u00eats dans lesquels elle am\u00e9liore les droits des &hellip; Cong\u00e9s pay\u00e9s et arr\u00eat maladie Lire la suite\u00a0\u00bb\" \/>\n<meta property=\"og:url\" content=\"https:\/\/www.lyca-ec.fr\/?p=1928\" \/>\n<meta property=\"article:published_time\" content=\"2023-09-24T08:28:40+00:00\" \/>\n<meta property=\"article:modified_time\" content=\"2023-09-24T08:28:59+00:00\" \/>\n<meta property=\"og:image\" content=\"https:\/\/www.lyca-ec.fr\/wp-content\/uploads\/2023\/09\/arret-maladie-300x200.jpg\" \/>\n<meta name=\"author\" content=\"Lyca Expertise &amp; Conseils\" \/>\n<meta name=\"twitter:card\" content=\"summary_large_image\" \/>\n<meta name=\"twitter:label1\" content=\"\u00c9crit par\" \/>\n\t<meta name=\"twitter:data1\" content=\"Lyca Expertise &amp; Conseils\" \/>\n\t<meta name=\"twitter:label2\" content=\"Dur\u00e9e de lecture estim\u00e9e\" \/>\n\t<meta name=\"twitter:data2\" content=\"2 minutes\" \/>\n<script type=\"application\/ld+json\" class=\"yoast-schema-graph\">{\"@context\":\"https:\/\/schema.org\",\"@graph\":[{\"@type\":\"Article\",\"@id\":\"https:\/\/www.lyca-ec.fr\/?p=1928#article\",\"isPartOf\":{\"@id\":\"https:\/\/www.lyca-ec.fr\/?p=1928\"},\"author\":{\"name\":\"Lyca Expertise &amp; Conseils\",\"@id\":\"https:\/\/www.lyca-ec.fr\/#\/schema\/person\/c6398f0529e9c0da5b9102d47656b7d7\"},\"headline\":\"Cong\u00e9s pay\u00e9s et arr\u00eat maladie\",\"datePublished\":\"2023-09-24T08:28:40+00:00\",\"dateModified\":\"2023-09-24T08:28:59+00:00\",\"mainEntityOfPage\":{\"@id\":\"https:\/\/www.lyca-ec.fr\/?p=1928\"},\"wordCount\":358,\"commentCount\":0,\"publisher\":{\"@id\":\"https:\/\/www.lyca-ec.fr\/#organization\"},\"articleSection\":[\"Actualit\u00e9s\"],\"inLanguage\":\"fr-FR\",\"potentialAction\":[{\"@type\":\"CommentAction\",\"name\":\"Comment\",\"target\":[\"https:\/\/www.lyca-ec.fr\/?p=1928#respond\"]}]},{\"@type\":\"WebPage\",\"@id\":\"https:\/\/www.lyca-ec.fr\/?p=1928\",\"url\":\"https:\/\/www.lyca-ec.fr\/?p=1928\",\"name\":\"Cong\u00e9s pay\u00e9s et arr\u00eat maladie -\",\"isPartOf\":{\"@id\":\"https:\/\/www.lyca-ec.fr\/#website\"},\"datePublished\":\"2023-09-24T08:28:40+00:00\",\"dateModified\":\"2023-09-24T08:28:59+00:00\",\"breadcrumb\":{\"@id\":\"https:\/\/www.lyca-ec.fr\/?p=1928#breadcrumb\"},\"inLanguage\":\"fr-FR\",\"potentialAction\":[{\"@type\":\"ReadAction\",\"target\":[\"https:\/\/www.lyca-ec.fr\/?p=1928\"]}]},{\"@type\":\"BreadcrumbList\",\"@id\":\"https:\/\/www.lyca-ec.fr\/?p=1928#breadcrumb\",\"itemListElement\":[{\"@type\":\"ListItem\",\"position\":1,\"name\":\"Accueil\",\"item\":\"https:\/\/www.lyca-ec.fr\/\"},{\"@type\":\"ListItem\",\"position\":2,\"name\":\"Cong\u00e9s pay\u00e9s et arr\u00eat maladie\"}]},{\"@type\":\"WebSite\",\"@id\":\"https:\/\/www.lyca-ec.fr\/#website\",\"url\":\"https:\/\/www.lyca-ec.fr\/\",\"name\":\"LYCA Expertise & Conseils\",\"description\":\"LYCA Expertise &amp; Conseils\",\"publisher\":{\"@id\":\"https:\/\/www.lyca-ec.fr\/#organization\"},\"potentialAction\":[{\"@type\":\"SearchAction\",\"target\":{\"@type\":\"EntryPoint\",\"urlTemplate\":\"https:\/\/www.lyca-ec.fr\/?s={search_term_string}\"},\"query-input\":\"required name=search_term_string\"}],\"inLanguage\":\"fr-FR\"},{\"@type\":\"Organization\",\"@id\":\"https:\/\/www.lyca-ec.fr\/#organization\",\"name\":\"LYCA Expertise & Conseils\",\"url\":\"https:\/\/www.lyca-ec.fr\/\",\"logo\":{\"@type\":\"ImageObject\",\"inLanguage\":\"fr-FR\",\"@id\":\"https:\/\/www.lyca-ec.fr\/#\/schema\/logo\/image\/\",\"url\":\"https:\/\/www.lyca-ec.fr\/wp-content\/uploads\/2022\/11\/cropped-cropped-Copie-de-Noir-et-Or-Cercle-Immobilier-Logo-2_prev_ui.png\",\"contentUrl\":\"https:\/\/www.lyca-ec.fr\/wp-content\/uploads\/2022\/11\/cropped-cropped-Copie-de-Noir-et-Or-Cercle-Immobilier-Logo-2_prev_ui.png\",\"width\":305,\"height\":300,\"caption\":\"LYCA Expertise & Conseils\"},\"image\":{\"@id\":\"https:\/\/www.lyca-ec.fr\/#\/schema\/logo\/image\/\"},\"sameAs\":[\"https:\/\/www.linkedin.com\/company\/lyca-expertise-conseils\"]},{\"@type\":\"Person\",\"@id\":\"https:\/\/www.lyca-ec.fr\/#\/schema\/person\/c6398f0529e9c0da5b9102d47656b7d7\",\"name\":\"Lyca Expertise &amp; Conseils\",\"image\":{\"@type\":\"ImageObject\",\"inLanguage\":\"fr-FR\",\"@id\":\"https:\/\/www.lyca-ec.fr\/#\/schema\/person\/image\/\",\"url\":\"https:\/\/secure.gravatar.com\/avatar\/61e1b03b65f73e0bc872340b60347a6b664ecaab6410d9f0763e9e9b16081d08?s=96&d=mm&r=g\",\"contentUrl\":\"https:\/\/secure.gravatar.com\/avatar\/61e1b03b65f73e0bc872340b60347a6b664ecaab6410d9f0763e9e9b16081d08?s=96&d=mm&r=g\",\"caption\":\"Lyca Expertise &amp; Conseils\"},\"sameAs\":[\"http:\/\/www.lyca-ec.fr\"],\"url\":\"https:\/\/www.lyca-ec.fr\/?author=1\"}]}<\/script>\n<!-- \/ Yoast SEO plugin. -->","yoast_head_json":{"title":"Cong\u00e9s pay\u00e9s et arr\u00eat maladie -","robots":{"index":"index","follow":"follow","max-snippet":"max-snippet:-1","max-image-preview":"max-image-preview:large","max-video-preview":"max-video-preview:-1"},"canonical":"https:\/\/www.lyca-ec.fr\/?p=1928","og_locale":"fr_FR","og_type":"article","og_title":"Cong\u00e9s pay\u00e9s et arr\u00eat maladie -","og_description":"Afin de se mettre en conformit\u00e9 avec le droit de l\u2019Union europ\u00e9enne (UE), la Cour de cassation a rendu le 13&nbsp;septembre&nbsp;2023 plusieurs arr\u00eats dans lesquels elle am\u00e9liore les droits des &hellip; Cong\u00e9s pay\u00e9s et arr\u00eat maladie Lire la suite\u00a0\u00bb","og_url":"https:\/\/www.lyca-ec.fr\/?p=1928","article_published_time":"2023-09-24T08:28:40+00:00","article_modified_time":"2023-09-24T08:28:59+00:00","og_image":[{"url":"https:\/\/www.lyca-ec.fr\/wp-content\/uploads\/2023\/09\/arret-maladie-300x200.jpg"}],"author":"Lyca Expertise &amp; Conseils","twitter_card":"summary_large_image","twitter_misc":{"\u00c9crit par":"Lyca Expertise &amp; Conseils","Dur\u00e9e de lecture estim\u00e9e":"2 minutes"},"schema":{"@context":"https:\/\/schema.org","@graph":[{"@type":"Article","@id":"https:\/\/www.lyca-ec.fr\/?p=1928#article","isPartOf":{"@id":"https:\/\/www.lyca-ec.fr\/?p=1928"},"author":{"name":"Lyca Expertise &amp; Conseils","@id":"https:\/\/www.lyca-ec.fr\/#\/schema\/person\/c6398f0529e9c0da5b9102d47656b7d7"},"headline":"Cong\u00e9s pay\u00e9s et arr\u00eat maladie","datePublished":"2023-09-24T08:28:40+00:00","dateModified":"2023-09-24T08:28:59+00:00","mainEntityOfPage":{"@id":"https:\/\/www.lyca-ec.fr\/?p=1928"},"wordCount":358,"commentCount":0,"publisher":{"@id":"https:\/\/www.lyca-ec.fr\/#organization"},"articleSection":["Actualit\u00e9s"],"inLanguage":"fr-FR","potentialAction":[{"@type":"CommentAction","name":"Comment","target":["https:\/\/www.lyca-ec.fr\/?p=1928#respond"]}]},{"@type":"WebPage","@id":"https:\/\/www.lyca-ec.fr\/?p=1928","url":"https:\/\/www.lyca-ec.fr\/?p=1928","name":"Cong\u00e9s pay\u00e9s et arr\u00eat maladie -","isPartOf":{"@id":"https:\/\/www.lyca-ec.fr\/#website"},"datePublished":"2023-09-24T08:28:40+00:00","dateModified":"2023-09-24T08:28:59+00:00","breadcrumb":{"@id":"https:\/\/www.lyca-ec.fr\/?p=1928#breadcrumb"},"inLanguage":"fr-FR","potentialAction":[{"@type":"ReadAction","target":["https:\/\/www.lyca-ec.fr\/?p=1928"]}]},{"@type":"BreadcrumbList","@id":"https:\/\/www.lyca-ec.fr\/?p=1928#breadcrumb","itemListElement":[{"@type":"ListItem","position":1,"name":"Accueil","item":"https:\/\/www.lyca-ec.fr\/"},{"@type":"ListItem","position":2,"name":"Cong\u00e9s pay\u00e9s et arr\u00eat maladie"}]},{"@type":"WebSite","@id":"https:\/\/www.lyca-ec.fr\/#website","url":"https:\/\/www.lyca-ec.fr\/","name":"LYCA Expertise & Conseils","description":"LYCA Expertise &amp; Conseils","publisher":{"@id":"https:\/\/www.lyca-ec.fr\/#organization"},"potentialAction":[{"@type":"SearchAction","target":{"@type":"EntryPoint","urlTemplate":"https:\/\/www.lyca-ec.fr\/?s={search_term_string}"},"query-input":"required name=search_term_string"}],"inLanguage":"fr-FR"},{"@type":"Organization","@id":"https:\/\/www.lyca-ec.fr\/#organization","name":"LYCA Expertise & Conseils","url":"https:\/\/www.lyca-ec.fr\/","logo":{"@type":"ImageObject","inLanguage":"fr-FR","@id":"https:\/\/www.lyca-ec.fr\/#\/schema\/logo\/image\/","url":"https:\/\/www.lyca-ec.fr\/wp-content\/uploads\/2022\/11\/cropped-cropped-Copie-de-Noir-et-Or-Cercle-Immobilier-Logo-2_prev_ui.png","contentUrl":"https:\/\/www.lyca-ec.fr\/wp-content\/uploads\/2022\/11\/cropped-cropped-Copie-de-Noir-et-Or-Cercle-Immobilier-Logo-2_prev_ui.png","width":305,"height":300,"caption":"LYCA Expertise & Conseils"},"image":{"@id":"https:\/\/www.lyca-ec.fr\/#\/schema\/logo\/image\/"},"sameAs":["https:\/\/www.linkedin.com\/company\/lyca-expertise-conseils"]},{"@type":"Person","@id":"https:\/\/www.lyca-ec.fr\/#\/schema\/person\/c6398f0529e9c0da5b9102d47656b7d7","name":"Lyca Expertise &amp; Conseils","image":{"@type":"ImageObject","inLanguage":"fr-FR","@id":"https:\/\/www.lyca-ec.fr\/#\/schema\/person\/image\/","url":"https:\/\/secure.gravatar.com\/avatar\/61e1b03b65f73e0bc872340b60347a6b664ecaab6410d9f0763e9e9b16081d08?s=96&d=mm&r=g","contentUrl":"https:\/\/secure.gravatar.com\/avatar\/61e1b03b65f73e0bc872340b60347a6b664ecaab6410d9f0763e9e9b16081d08?s=96&d=mm&r=g","caption":"Lyca Expertise &amp; Conseils"},"sameAs":["http:\/\/www.lyca-ec.fr"],"url":"https:\/\/www.lyca-ec.fr\/?author=1"}]}},"_links":{"self":[{"href":"https:\/\/www.lyca-ec.fr\/index.php?rest_route=\/wp\/v2\/posts\/1928","targetHints":{"allow":["GET"]}}],"collection":[{"href":"https:\/\/www.lyca-ec.fr\/index.php?rest_route=\/wp\/v2\/posts"}],"about":[{"href":"https:\/\/www.lyca-ec.fr\/index.php?rest_route=\/wp\/v2\/types\/post"}],"author":[{"embeddable":true,"href":"https:\/\/www.lyca-ec.fr\/index.php?rest_route=\/wp\/v2\/users\/1"}],"replies":[{"embeddable":true,"href":"https:\/\/www.lyca-ec.fr\/index.php?rest_route=%2Fwp%2Fv2%2Fcomments&post=1928"}],"version-history":[{"count":4,"href":"https:\/\/www.lyca-ec.fr\/index.php?rest_route=\/wp\/v2\/posts\/1928\/revisions"}],"predecessor-version":[{"id":1933,"href":"https:\/\/www.lyca-ec.fr\/index.php?rest_route=\/wp\/v2\/posts\/1928\/revisions\/1933"}],"wp:attachment":[{"href":"https:\/\/www.lyca-ec.fr\/index.php?rest_route=%2Fwp%2Fv2%2Fmedia&parent=1928"}],"wp:term":[{"taxonomy":"category","embeddable":true,"href":"https:\/\/www.lyca-ec.fr\/index.php?rest_route=%2Fwp%2Fv2%2Fcategories&post=1928"},{"taxonomy":"post_tag","embeddable":true,"href":"https:\/\/www.lyca-ec.fr\/index.php?rest_route=%2Fwp%2Fv2%2Ftags&post=1928"}],"curies":[{"name":"wp","href":"https:\/\/api.w.org\/{rel}","templated":true}]}}