{"id":1956,"date":"2024-01-28T19:48:28","date_gmt":"2024-01-28T18:48:28","guid":{"rendered":"https:\/\/www.lyca-ec.fr\/?p=1956"},"modified":"2024-01-31T16:55:04","modified_gmt":"2024-01-31T15:55:04","slug":"elementor-1956","status":"publish","type":"post","link":"https:\/\/www.lyca-ec.fr\/?p=1956","title":{"rendered":"Entreprises : ce qui change au 1er janvier 2024"},"content":{"rendered":"\t\t<div data-elementor-type=\"wp-post\" data-elementor-id=\"1956\" class=\"elementor elementor-1956\">\n\t\t\t\t\t\t\t\t\t<section class=\"elementor-section elementor-top-section elementor-element elementor-element-a44ac3a elementor-section-boxed elementor-section-height-default elementor-section-height-default\" data-id=\"a44ac3a\" data-element_type=\"section\">\n\t\t\t\t\t\t<div class=\"elementor-container elementor-column-gap-default\">\n\t\t\t\t\t<div class=\"elementor-column elementor-col-100 elementor-top-column elementor-element elementor-element-cbc355a\" data-id=\"cbc355a\" data-element_type=\"column\">\n\t\t\t<div class=\"elementor-widget-wrap elementor-element-populated\">\n\t\t\t\t\t\t\t\t<div class=\"elementor-element elementor-element-5d64146 elementor-widget__width-initial elementor-widget elementor-widget-text-editor\" data-id=\"5d64146\" data-element_type=\"widget\" data-widget_type=\"text-editor.default\">\n\t\t\t\t<div class=\"elementor-widget-container\">\n\t\t\t<style>\/*! elementor - v3.18.0 - 20-12-2023 *\/\n.elementor-widget-text-editor.elementor-drop-cap-view-stacked .elementor-drop-cap{background-color:#69727d;color:#fff}.elementor-widget-text-editor.elementor-drop-cap-view-framed .elementor-drop-cap{color:#69727d;border:3px solid;background-color:transparent}.elementor-widget-text-editor:not(.elementor-drop-cap-view-default) .elementor-drop-cap{margin-top:8px}.elementor-widget-text-editor:not(.elementor-drop-cap-view-default) .elementor-drop-cap-letter{width:1em;height:1em}.elementor-widget-text-editor .elementor-drop-cap{float:left;text-align:center;line-height:1;font-size:50px}.elementor-widget-text-editor .elementor-drop-cap-letter{display:inline-block}<\/style>\t\t\t\t<p style=\"text-align: left;\"><span style=\"color: #3a3a3a; font-family: Marianne, arial, sans-serif; font-size: 16px;\">Cr\u00e9dits d\u2019imp\u00f4ts, <em><strong>aides au paiement des factures d\u2019\u00e9lectricit\u00e9<\/strong><\/em>, montant net social sur les fiches de paie\u2026 Comme chaque ann\u00e9e au 1<\/span><span style=\"box-sizing: inherit; font-size: 12px; line-height: 1; position: relative; vertical-align: baseline; top: -0.5em; color: #3a3a3a; font-family: Marianne, arial, sans-serif;\">er<\/span><span style=\"color: #3a3a3a; font-family: Marianne, arial, sans-serif; font-size: 16px;\">\u00a0janvier, de nombreux changements concernent les r\u00e8gles en vigueur pour les entreprises.\u00a0<\/span><\/p><p style=\"text-align: left;\"><span style=\"color: #800080;\"><strong><span style=\"font-family: Marianne, arial, sans-serif; font-size: 16px;\">On vous pr\u00e9sente les principales nouveaut\u00e9s pour l\u2019ann\u00e9e 2024<\/span><\/strong><\/span><\/p><h4><span style=\"color: #008080;\"><strong>Sommaire<\/strong><\/span><\/h4><p><a href=\"#Emplois\">Emploi<\/a><\/p><p><a href=\"#Aides\">Aide \u00e9nergie<\/a><\/p><p><a href=\"#fisc\">Fiscalit\u00e9<\/a><\/p>\t\t\t\t\t\t<\/div>\n\t\t\t\t<\/div>\n\t\t\t\t\t<\/div>\n\t\t<\/div>\n\t\t\t\t\t\t\t<\/div>\n\t\t<\/section>\n\t\t\t\t<section class=\"elementor-section elementor-top-section elementor-element elementor-element-dc3917b elementor-section-boxed elementor-section-height-default elementor-section-height-default\" data-id=\"dc3917b\" data-element_type=\"section\">\n\t\t\t\t\t\t<div class=\"elementor-container elementor-column-gap-default\">\n\t\t\t\t\t<div class=\"elementor-column elementor-col-100 elementor-top-column elementor-element elementor-element-50236b6\" data-id=\"50236b6\" data-element_type=\"column\">\n\t\t\t<div class=\"elementor-widget-wrap elementor-element-populated\">\n\t\t\t\t\t\t\t\t<div class=\"elementor-element elementor-element-13206cd elementor-widget elementor-widget-menu-anchor\" data-id=\"13206cd\" data-element_type=\"widget\" data-widget_type=\"menu-anchor.default\">\n\t\t\t\t<div class=\"elementor-widget-container\">\n\t\t\t<style>\/*! elementor - v3.18.0 - 20-12-2023 *\/\nbody.elementor-page .elementor-widget-menu-anchor{margin-bottom:0}<\/style>\t\t<div id=\"Emplois\" class=\"elementor-menu-anchor\"><\/div>\n\t\t\t\t<\/div>\n\t\t\t\t<\/div>\n\t\t\t\t<div class=\"elementor-element elementor-element-dd4a04b elementor-widget elementor-widget-text-editor\" data-id=\"dd4a04b\" data-element_type=\"widget\" data-widget_type=\"text-editor.default\">\n\t\t\t\t<div class=\"elementor-widget-container\">\n\t\t\t\t\t\t\t<h2 id=\"emploi_0\" style=\"box-sizing: inherit; font-weight: bold; margin: var(--title-spacing); line-height: 2.5rem; font-family: Marianne, arial, sans-serif; font-style: normal;\"><span style=\"color: #0000ff;\">Emploi<\/span><\/h2><div>\u00a0<\/div><h3 style=\"box-sizing: inherit; font-size: 1.75rem; line-height: 2.25rem; font-weight: bold; margin: var(--title-spacing); font-family: Marianne, arial, sans-serif; font-style: normal;\"><span style=\"color: #800080;\">Fiche de paie : affichage du montant net social<\/span><\/h3><p style=\"box-sizing: inherit; font-size: medium; line-height: 1.5rem; margin: var(--text-spacing); color: #3a3a3a; font-family: Marianne, arial, sans-serif; font-style: normal; font-weight: 400;\">Le montant net social correspond au montant des ressources \u00e0 d\u00e9clarer pour avoir acc\u00e8s au revenu de solidarit\u00e9 active (RSA) et \u00e0 la\u00a0<a class=\"url-alias-convert\" style=\"box-sizing: inherit; --hover-tint: var(--idle); --active-tint: var(--active); text-decoration-line: none; outline-color: #0a76f6; outline-offset: 2px; outline-width: 2px; cursor: pointer; background-image: var(--underline-img),var(--underline-img); background-position: var(--underline-x) 100%,var(--underline-x) calc(100% - var(--underline-thickness)); background-repeat: no-repeat, no-repeat; background-size: var(--underline-hover-width) calc(var(--underline-thickness)*2),var(--underline-idle-width) var(--underline-thickness); transition-duration: 0s; transition-timing-function: ease; transition-property: background-size;\" href=\"https:\/\/www.economie.gouv.fr\/particuliers\/estimation-prime-activite\">prime d\u2019activit\u00e9<\/a>. Il figurera sur tous les bulletins de paie et appara\u00eetra progressivement sur les relev\u00e9s de d\u00e9compte des prestations sociales.<\/p><p style=\"box-sizing: inherit; font-size: medium; line-height: 1.5rem; margin: var(--text-spacing); color: #3a3a3a; font-family: Marianne, arial, sans-serif; font-style: normal; font-weight: 400;\">Cette information doit obligatoirement \u00eatre utilis\u00e9e par les allocataires, \u00e0 partir des revenus de janvier 2024 et d\u00e9clar\u00e9s en f\u00e9vrier 2024, chaque fois qu\u2019elle est disponible, pour le renseignement de leurs d\u00e9clarations.<\/p><p style=\"box-sizing: inherit; font-size: medium; line-height: 1.5rem; margin: var(--text-spacing); color: #3a3a3a; font-family: Marianne, arial, sans-serif; font-style: normal; font-weight: 400;\">\u00a0<\/p>\t\t\t\t\t\t<\/div>\n\t\t\t\t<\/div>\n\t\t\t\t<div class=\"elementor-element elementor-element-2eed145 elementor-align-center elementor-widget elementor-widget-button\" data-id=\"2eed145\" data-element_type=\"widget\" data-widget_type=\"button.default\">\n\t\t\t\t<div class=\"elementor-widget-container\">\n\t\t\t\t\t<div class=\"elementor-button-wrapper\">\n\t\t\t<a class=\"elementor-button elementor-button-link elementor-size-sm\" href=\"https:\/\/www.economie.gouv.fr\/entreprises\/fiche-de-paie#\">\n\t\t\t\t\t\t<span class=\"elementor-button-content-wrapper\">\n\t\t\t\t\t\t<span class=\"elementor-button-text\">En savoir plus sur la fiche de paie<\/span>\n\t\t<\/span>\n\t\t\t\t\t<\/a>\n\t\t<\/div>\n\t\t\t\t<\/div>\n\t\t\t\t<\/div>\n\t\t\t\t<div class=\"elementor-element elementor-element-9e01b45 elementor-widget elementor-widget-text-editor\" data-id=\"9e01b45\" data-element_type=\"widget\" data-widget_type=\"text-editor.default\">\n\t\t\t\t<div class=\"elementor-widget-container\">\n\t\t\t\t\t\t\t<h3 style=\"box-sizing: inherit; font-size: 1.75rem; line-height: 2.25rem; font-weight: bold; margin: var(--title-spacing); font-family: Marianne, arial, sans-serif; font-style: normal;\"><span style=\"color: #800080;\">Prolongation de l&rsquo;aide \u00e0 l\u2019embauche des alternants<\/span><\/h3><p style=\"box-sizing: inherit; font-size: medium; line-height: 1.5rem; margin: var(--text-spacing); color: #3a3a3a; font-family: Marianne, arial, sans-serif; font-style: normal; font-weight: 400;\">Depuis le 1<span style=\"box-sizing: inherit; font-size: 12px; line-height: 1; position: relative; vertical-align: baseline; top: -0.5em;\">er<\/span>\u00a0janvier 2023, les entreprises qui recrutent des alternants (apprentis et jeunes en contrat de professionnalisation) peuvent b\u00e9n\u00e9ficier d&rsquo;une aide allant jusqu&rsquo;\u00e0 6 000 \u20ac. Cette aide est prolong\u00e9e en 2024.<\/p>\t\t\t\t\t\t<\/div>\n\t\t\t\t<\/div>\n\t\t\t\t<div class=\"elementor-element elementor-element-37e6406 elementor-align-center elementor-widget elementor-widget-button\" data-id=\"37e6406\" data-element_type=\"widget\" data-widget_type=\"button.default\">\n\t\t\t\t<div class=\"elementor-widget-container\">\n\t\t\t\t\t<div class=\"elementor-button-wrapper\">\n\t\t\t<a class=\"elementor-button elementor-button-link elementor-size-sm\" href=\"https:\/\/www.economie.gouv.fr\/entreprises\/aide-embauche-jeune-alternant\">\n\t\t\t\t\t\t<span class=\"elementor-button-content-wrapper\">\n\t\t\t\t\t\t<span class=\"elementor-button-text\">En savoir plus sur l'aide \u00e0 l'embauche des alternants<\/span>\n\t\t<\/span>\n\t\t\t\t\t<\/a>\n\t\t<\/div>\n\t\t\t\t<\/div>\n\t\t\t\t<\/div>\n\t\t\t\t<div class=\"elementor-element elementor-element-88867bf elementor-widget elementor-widget-text-editor\" data-id=\"88867bf\" data-element_type=\"widget\" data-widget_type=\"text-editor.default\">\n\t\t\t\t<div class=\"elementor-widget-container\">\n\t\t\t\t\t\t\t<h3 style=\"box-sizing: inherit; font-size: 1.75rem; line-height: 2.25rem; font-weight: bold; margin: var(--title-spacing); font-family: Marianne, arial, sans-serif; font-style: normal;\"><span style=\"color: #800080;\">\u00c9volution de la prime de partage de la valeur<\/span><\/h3><div><p style=\"box-sizing: inherit; font-size: medium; line-height: 1.5rem; margin: var(--text-spacing); color: #3a3a3a; font-family: Marianne, arial, sans-serif; font-style: normal; font-weight: 400;\"><a class=\"url-alias-convert\" style=\"box-sizing: inherit; --hover-tint: var(--idle); --active-tint: var(--active); text-decoration-line: none; outline-color: #0a76f6; outline-offset: 2px; outline-width: 2px; cursor: pointer; background-image: var(--underline-img),var(--underline-img); background-position: var(--underline-x) 100%,var(--underline-x) calc(100% - var(--underline-thickness)); background-repeat: no-repeat, no-repeat; background-size: var(--underline-hover-width) calc(var(--underline-thickness)*2),var(--underline-idle-width) var(--underline-thickness); transition-duration: 0s; transition-timing-function: ease; transition-property: background-size;\" title=\"\u00ab www.legifrance.gouv.fr \u00bb dans une nouvelle fen\u00eatre\" href=\"https:\/\/www.legifrance.gouv.fr\/jorf\/id\/JORFTEXT000048480565\" target=\"_blank\" rel=\"noopener\">La loi n\u00b0 2023-1107 du 29 novembre 2023<\/a>\u00a0fait \u00e9voluer la prime de partage de la valeur (PPV). D\u00e9sormais, la prime pourra \u00eatre attribu\u00e9e deux fois au cours d\u2019une m\u00eame ann\u00e9e civile dans la limite des plafonds totaux d\u2019exon\u00e9ration :\u00a0\u00a0\u00a0<\/p><ul style=\"box-sizing: inherit; --xl-size: var(--xl-base); margin-bottom: 0px; margin-left: 0px; margin-block-end: var(--xl-block); margin-block-start: var(--xl-block); list-style-type: var(--ul-type); padding-inline-start: var(--ul-start); color: #3a3a3a; font-family: Marianne, arial, sans-serif; font-size: medium; font-style: normal; font-weight: 400;\"><li style=\"box-sizing: inherit; --xl-base: calc(var(--xl-size)*0.9); padding-bottom: var(--li-bottom);\">3 000 euros par salari\u00e9 et par an,\u00a0\u00a0\u00a0<\/li><li style=\"box-sizing: inherit; --xl-base: calc(var(--xl-size)*0.9); padding-bottom: var(--li-bottom);\">6 000 euros par salari\u00e9 et par an sous conditions.<\/li><\/ul><p style=\"box-sizing: inherit; font-size: medium; line-height: 1.5rem; margin: var(--text-spacing); color: #3a3a3a; font-family: Marianne, arial, sans-serif; font-style: normal; font-weight: 400;\">Pour les primes vers\u00e9es entre le 1<span style=\"box-sizing: inherit; font-size: 12px; line-height: 1; position: relative; vertical-align: baseline; top: -0.5em;\">er<\/span>\u00a0janvier 2024 et le 31 d\u00e9cembre 2026, l&rsquo;exon\u00e9ration de cotisations sociales et d&rsquo;imp\u00f4t sur le revenu est prolong\u00e9e : cette disposition s&rsquo;applique aux primes vers\u00e9es par les\u00a0<span style=\"box-sizing: inherit; font-weight: bold; font-family: Marianne, Roboto, -apple-system, BlinkMacSystemFont, 'segoe ui', Oxygen-Sans, Ubuntu, Cantarell, 'helvetica neue', sans-serif;\">entreprises de moins de 50 salari\u00e9s<\/span>\u00a0aux salari\u00e9s ayant per\u00e7u, au cours de l&rsquo;ann\u00e9e pr\u00e9c\u00e9dant le versement de leur prime,\u00a0<span style=\"box-sizing: inherit; font-weight: bold; font-family: Marianne, Roboto, -apple-system, BlinkMacSystemFont, 'segoe ui', Oxygen-Sans, Ubuntu, Cantarell, 'helvetica neue', sans-serif;\">une r\u00e9mun\u00e9ration inf\u00e9rieure \u00e0 trois fois la valeur du SMIC<\/span>.<\/p><p class=\"text-align-center\" style=\"box-sizing: inherit; font-size: medium; line-height: 1.5rem; margin: var(--text-spacing); text-align: center; color: #3a3a3a; font-family: Marianne, arial, sans-serif; font-style: normal; font-weight: 400;\">\u00a0<\/p><\/div>\t\t\t\t\t\t<\/div>\n\t\t\t\t<\/div>\n\t\t\t\t<div class=\"elementor-element elementor-element-b86ed56 elementor-align-center elementor-widget elementor-widget-button\" data-id=\"b86ed56\" data-element_type=\"widget\" data-widget_type=\"button.default\">\n\t\t\t\t<div class=\"elementor-widget-container\">\n\t\t\t\t\t<div class=\"elementor-button-wrapper\">\n\t\t\t<a class=\"elementor-button elementor-button-link elementor-size-sm\" href=\"https:\/\/www.economie.gouv.fr\/entreprises\/prime-partage-valeur\">\n\t\t\t\t\t\t<span class=\"elementor-button-content-wrapper\">\n\t\t\t\t\t\t<span class=\"elementor-button-text\">En savoir plus sur la prime de partage de la valeur<\/span>\n\t\t<\/span>\n\t\t\t\t\t<\/a>\n\t\t<\/div>\n\t\t\t\t<\/div>\n\t\t\t\t<\/div>\n\t\t\t\t<div class=\"elementor-element elementor-element-1b976f2 elementor-widget elementor-widget-menu-anchor\" data-id=\"1b976f2\" data-element_type=\"widget\" data-widget_type=\"menu-anchor.default\">\n\t\t\t\t<div class=\"elementor-widget-container\">\n\t\t\t\t\t<div id=\"Aides\" class=\"elementor-menu-anchor\"><\/div>\n\t\t\t\t<\/div>\n\t\t\t\t<\/div>\n\t\t\t\t<div class=\"elementor-element elementor-element-e5304c4 elementor-widget elementor-widget-text-editor\" data-id=\"e5304c4\" data-element_type=\"widget\" data-widget_type=\"text-editor.default\">\n\t\t\t\t<div class=\"elementor-widget-container\">\n\t\t\t\t\t\t\t<h2 id=\"aides-nergie_1\" style=\"box-sizing: inherit; font-weight: bold; margin: var(--title-spacing); line-height: 2.5rem; font-family: Marianne, arial, sans-serif; font-style: normal;\"><span style=\"color: #0000ff;\">Aides \u00e9nergie<\/span><\/h2><div><span style=\"color: #0000ff;\">\u00a0<\/span><\/div><h3 style=\"box-sizing: inherit; font-size: 1.75rem; line-height: 2.25rem; font-weight: bold; margin: var(--title-spacing); font-family: Marianne, arial, sans-serif; font-style: normal;\"><span style=\"color: #800080;\">Maintien d\u2019un bouclier tarifaire pour les TPE<\/span><\/h3><p style=\"box-sizing: inherit; font-size: medium; line-height: 1.5rem; margin: var(--text-spacing); color: #3a3a3a; font-family: Marianne, arial, sans-serif; font-style: normal; font-weight: 400;\"><a class=\"url-alias-convert\" style=\"box-sizing: inherit; --hover-tint: var(--idle); --active-tint: var(--active); text-decoration-line: none; outline-color: #0a76f6; outline-offset: 2px; outline-width: 2px; cursor: pointer; background-image: var(--underline-img),var(--underline-img); background-position: var(--underline-x) 100%,var(--underline-x) calc(100% - var(--underline-thickness)); background-repeat: no-repeat, no-repeat; background-size: var(--underline-hover-width) calc(var(--underline-thickness)*2),var(--underline-idle-width) var(--underline-thickness); transition-duration: 0s; transition-timing-function: ease; transition-property: background-size;\" title=\"www.economie.gouv.fr\" href=\"https:\/\/www.economie.gouv.fr\/aides-energies-modalites-soutien-consommateurs-denergie-2024\">Le 30 novembre 2023, Bruno Le Maire a annonc\u00e9 que le dispositif de plafond de prix \u00e0 280\u20ac\/MWh sera prolong\u00e9 en 2024<\/a>.<\/p><p style=\"box-sizing: inherit; font-size: medium; line-height: 1.5rem; margin: var(--text-spacing); color: #3a3a3a; font-family: Marianne, arial, sans-serif; font-style: normal; font-weight: 400;\">Il sera<span style=\"box-sizing: inherit; font-weight: bold; font-family: Marianne, Roboto, -apple-system, BlinkMacSystemFont, 'segoe ui', Oxygen-Sans, Ubuntu, Cantarell, 'helvetica neue', sans-serif;\">\u00a0\u00e9tendu aux petits consommateurs professionnels ayant une puissance souscrite inf\u00e9rieure \u00e0 36 kVA<\/span>.<\/p><p style=\"box-sizing: inherit; font-size: medium; line-height: 1.5rem; margin: var(--text-spacing); color: #3a3a3a; font-family: Marianne, arial, sans-serif; font-style: normal; font-weight: 400;\">Cette aide est accessible \u00e0 toutes les TPE ayant renouvel\u00e9 ou souscrit leur contrat avant le 30 juin 2023.<\/p>\t\t\t\t\t\t<\/div>\n\t\t\t\t<\/div>\n\t\t\t\t<div class=\"elementor-element elementor-element-c377b9f elementor-align-center elementor-widget elementor-widget-button\" data-id=\"c377b9f\" data-element_type=\"widget\" data-widget_type=\"button.default\">\n\t\t\t\t<div class=\"elementor-widget-container\">\n\t\t\t\t\t<div class=\"elementor-button-wrapper\">\n\t\t\t<a class=\"elementor-button elementor-button-link elementor-size-sm\" href=\"https:\/\/www.economie.gouv.fr\/entreprises\/tpe-pme-aides-hausse-prix-energie#prix_limite_tpe_2024\">\n\t\t\t\t\t\t<span class=\"elementor-button-content-wrapper\">\n\t\t\t\t\t\t<span class=\"elementor-button-text\">En savoir plus sur cette aide<\/span>\n\t\t<\/span>\n\t\t\t\t\t<\/a>\n\t\t<\/div>\n\t\t\t\t<\/div>\n\t\t\t\t<\/div>\n\t\t\t\t<div class=\"elementor-element elementor-element-6bed9bc elementor-widget elementor-widget-text-editor\" data-id=\"6bed9bc\" data-element_type=\"widget\" data-widget_type=\"text-editor.default\">\n\t\t\t\t<div class=\"elementor-widget-container\">\n\t\t\t\t\t\t\t<h3 style=\"box-sizing: inherit; font-size: 1.75rem; line-height: 2.25rem; font-weight: bold; margin: var(--title-spacing); font-family: Marianne, arial, sans-serif; font-style: normal;\"><span style=\"color: #800080;\">Maintien de l\u2019amortisseur \u00e9lectricit\u00e9 pour les TPE et PME<\/span><\/h3><p style=\"box-sizing: inherit; font-size: medium; line-height: 1.5rem; margin: var(--text-spacing); color: #3a3a3a; font-family: Marianne, arial, sans-serif; font-style: normal; font-weight: 400;\">L\u2019amortisseur \u00e9lectricit\u00e9 est entr\u00e9 en vigueur le 1<span style=\"box-sizing: inherit; font-size: 12px; line-height: 1; position: relative; vertical-align: baseline; top: -0.5em;\">er<\/span>\u00a0janvier 2023.\u00a0<a class=\"url-alias-convert\" style=\"box-sizing: inherit; --hover-tint: var(--idle); --active-tint: var(--active); text-decoration-line: none; outline-color: #0a76f6; outline-offset: 2px; outline-width: 2px; cursor: pointer; background-image: var(--underline-img),var(--underline-img); background-position: var(--underline-x) 100%,var(--underline-x) calc(100% - var(--underline-thickness)); background-repeat: no-repeat, no-repeat; background-size: var(--underline-hover-width) calc(var(--underline-thickness)*2),var(--underline-idle-width) var(--underline-thickness); transition-duration: 0s; transition-timing-function: ease; transition-property: background-size;\" href=\"https:\/\/www.economie.gouv.fr\/aides-energies-modalites-soutien-consommateurs-denergie-2024\">Le 30 novembre 2023 le Gouvernement a annonc\u00e9 sa prorogation pour 2024<\/a>.<\/p><p style=\"box-sizing: inherit; font-size: medium; line-height: 1.5rem; margin: var(--text-spacing); color: #3a3a3a; font-family: Marianne, arial, sans-serif; font-style: normal; font-weight: 400;\">Cet amortisseur \u00e9lectricit\u00e9 sera maintenu avec une \u00e9volution des param\u00e8tres afin qu\u2019il puisse mieux prot\u00e9ger les contrats \u00e0 prix haut :<\/p><ul style=\"box-sizing: inherit; --xl-size: var(--xl-base); margin-bottom: 0px; margin-left: 0px; margin-block-end: var(--xl-block); margin-block-start: var(--xl-block); list-style-type: var(--ul-type); padding-inline-start: var(--ul-start); color: #3a3a3a; font-family: Marianne, arial, sans-serif; font-size: medium; font-style: normal; font-weight: 400;\"><li style=\"box-sizing: inherit; --xl-base: calc(var(--xl-size)*0.9); padding-bottom: var(--li-bottom);\">couverture de la facture de 75 %, contre 50 % en 2023,\u00a0 \u00a0\u00a0\u00a0\u00a0<\/li><li style=\"box-sizing: inherit; --xl-base: calc(var(--xl-size)*0.9); padding-bottom: var(--li-bottom);\">le montant unitaire d\u2019amortisseur ne sera plus plafonn\u00e9 au-del\u00e0 d\u2019un prix de l\u2019\u00e9lectricit\u00e9 de 500 \u20ac\/MWh,\u00a0\u00a0\u00a0<\/li><li style=\"box-sizing: inherit; --xl-base: calc(var(--xl-size)*0.9); padding-bottom: var(--li-bottom);\">le seuil de d\u00e9clenchement de la part \u00e9nergie de la facture relev\u00e9 \u00e0 250 \u20ac\/MWh, contre 180\u20ac\/MWh en 2023.<\/li><\/ul><p style=\"box-sizing: inherit; font-size: medium; line-height: 1.5rem; margin: var(--text-spacing); color: #3a3a3a; font-family: Marianne, arial, sans-serif; font-style: normal; font-weight: 400;\">Il est destin\u00e9 aux entreprises r\u00e9pondant \u00e0 certains crit\u00e8res :\u00a0\u00a0<\/p><ul style=\"box-sizing: inherit; --xl-size: var(--xl-base); margin-bottom: 0px; margin-left: 0px; margin-block-end: var(--xl-block); margin-block-start: var(--xl-block); list-style-type: var(--ul-type); padding-inline-start: var(--ul-start); color: #3a3a3a; font-family: Marianne, arial, sans-serif; font-size: medium; font-style: normal; font-weight: 400;\"><li style=\"box-sizing: inherit; --xl-base: calc(var(--xl-size)*0.9); padding-bottom: var(--li-bottom);\">si vous \u00eates une TPE ou d\u2019une PME de moins de 250 salari\u00e9s\u00a0\u00a0\u00a0<\/li><li style=\"box-sizing: inherit; --xl-base: calc(var(--xl-size)*0.9); padding-bottom: var(--li-bottom);\">si votre entreprise n\u2019est pas \u00e9ligible \u00e0 la garantie 280 \u20ac\/MWh\u00a0\u00a0\u00a0<\/li><li style=\"box-sizing: inherit; --xl-base: calc(var(--xl-size)*0.9); padding-bottom: var(--li-bottom);\">si vous avez sign\u00e9 un contrat avant le 30 juin 2023 et qu\u2019il est encore en vigueur en 2024\u00a0\u00a0\u00a0<\/li><li style=\"box-sizing: inherit; --xl-base: calc(var(--xl-size)*0.9); padding-bottom: var(--li-bottom);\">et si votre compteur \u00e9lectrique est \u00e0 une puissance sup\u00e9rieure \u00e0 36 kVA<\/li><\/ul><div><span style=\"color: #3a3a3a; font-family: Marianne, arial, sans-serif;\"><span style=\"font-size: 16px;\">\u00a0<\/span><\/span><\/div>\t\t\t\t\t\t<\/div>\n\t\t\t\t<\/div>\n\t\t\t\t<div class=\"elementor-element elementor-element-e7e88fd elementor-align-center elementor-widget elementor-widget-button\" data-id=\"e7e88fd\" data-element_type=\"widget\" data-widget_type=\"button.default\">\n\t\t\t\t<div class=\"elementor-widget-container\">\n\t\t\t\t\t<div class=\"elementor-button-wrapper\">\n\t\t\t<a class=\"elementor-button elementor-button-link elementor-size-sm\" href=\"https:\/\/www.economie.gouv.fr\/entreprises\/tpe-pme-aides-hausse-prix-energie#amortisseur_2024\">\n\t\t\t\t\t\t<span class=\"elementor-button-content-wrapper\">\n\t\t\t\t\t\t<span class=\"elementor-button-text\">En savoir plus sur cette aide<\/span>\n\t\t<\/span>\n\t\t\t\t\t<\/a>\n\t\t<\/div>\n\t\t\t\t<\/div>\n\t\t\t\t<\/div>\n\t\t\t\t\t<\/div>\n\t\t<\/div>\n\t\t\t\t\t\t\t<\/div>\n\t\t<\/section>\n\t\t\t\t<section class=\"elementor-section elementor-top-section elementor-element elementor-element-aafa20e elementor-section-boxed elementor-section-height-default elementor-section-height-default\" data-id=\"aafa20e\" data-element_type=\"section\">\n\t\t\t\t\t\t<div class=\"elementor-container elementor-column-gap-default\">\n\t\t\t\t\t<div class=\"elementor-column elementor-col-100 elementor-top-column elementor-element elementor-element-a3c5cf2\" data-id=\"a3c5cf2\" data-element_type=\"column\">\n\t\t\t<div class=\"elementor-widget-wrap elementor-element-populated\">\n\t\t\t\t\t\t\t\t<div class=\"elementor-element elementor-element-a87f3d2 elementor-widget elementor-widget-menu-anchor\" data-id=\"a87f3d2\" data-element_type=\"widget\" data-widget_type=\"menu-anchor.default\">\n\t\t\t\t<div class=\"elementor-widget-container\">\n\t\t\t\t\t<div id=\"fisc\" class=\"elementor-menu-anchor\"><\/div>\n\t\t\t\t<\/div>\n\t\t\t\t<\/div>\n\t\t\t\t<div class=\"elementor-element elementor-element-e982008 elementor-widget elementor-widget-text-editor\" data-id=\"e982008\" data-element_type=\"widget\" data-widget_type=\"text-editor.default\">\n\t\t\t\t<div class=\"elementor-widget-container\">\n\t\t\t\t\t\t\t<h2 style=\"box-sizing: inherit; font-weight: bold; margin: var(--title-spacing); line-height: 2.5rem; font-family: Marianne, arial, sans-serif; font-style: normal;\"><span style=\"color: #0000ff;\">Fiscalit\u00e9<\/span><\/h2><div>\u00a0<\/div><div><h3 style=\"box-sizing: inherit; font-size: 1.75rem; line-height: 2.25rem; font-weight: bold; margin: var(--title-spacing); font-family: Marianne, arial, sans-serif; font-style: normal;\"><span style=\"color: #800080;\">Revalorisation du bar\u00e8me de l\u2019imp\u00f4t sur le revenu<\/span><\/h3><p style=\"box-sizing: inherit; font-size: medium; line-height: 1.5rem; margin: var(--text-spacing); color: #3a3a3a; font-family: Marianne, arial, sans-serif; font-style: normal; font-weight: 400;\">Le bar\u00e8me de l&rsquo;imp\u00f4t sur le revenu (IR) est\u00a0<span style=\"box-sizing: inherit; font-weight: bold; font-family: Marianne, Roboto, -apple-system, BlinkMacSystemFont, 'segoe ui', Oxygen-Sans, Ubuntu, Cantarell, 'helvetica neue', sans-serif;\">revaloris\u00e9 \u00e0 hauteur de 4,8 % \u00e0 partir du 1<span style=\"box-sizing: inherit; font-size: 12px; line-height: 1; position: relative; vertical-align: baseline; top: -0.5em;\">er<\/span>\u00a0janvier 2024<\/span>,\u00a0<a class=\"url-alias-convert\" style=\"box-sizing: inherit; --hover-tint: var(--idle); --active-tint: var(--active); text-decoration-line: none; outline-color: #0a76f6; outline-offset: 2px; outline-width: 2px; cursor: pointer; background-image: var(--underline-img),var(--underline-img); background-position: var(--underline-x) 100%,var(--underline-x) calc(100% - var(--underline-thickness)); background-repeat: no-repeat, no-repeat; background-size: var(--underline-hover-width) calc(var(--underline-thickness)*2),var(--underline-idle-width) var(--underline-thickness); transition-duration: 0s; transition-timing-function: ease; transition-property: background-size;\" title=\"\u00ab legifrance.gouv.fr \u00bb dans une nouvelle fen\u00eatre\" href=\"https:\/\/www.legifrance.gouv.fr\/jorf\/article_jo\/JORFARTI000048727355?isSuggest=true\" target=\"_blank\" rel=\"noopener\">en application de la loi de finances pour 2024.<\/a><\/p><p style=\"box-sizing: inherit; font-size: medium; line-height: 1.5rem; margin: var(--text-spacing); color: #3a3a3a; font-family: Marianne, arial, sans-serif; font-style: normal; font-weight: 400;\">La loi pr\u00e9voit \u00e9galement, pour les revenus per\u00e7us ou r\u00e9alis\u00e9s \u00e0 compter du 1<span style=\"box-sizing: inherit; font-size: 12px; line-height: 1; position: relative; vertical-align: baseline; top: -0.5em;\">er<\/span>\u00a0janvier 2024, d\u2019ajuster les limites des tranches de revenus des grilles de taux par d\u00e9faut du pr\u00e9l\u00e8vement \u00e0 la source (PAS) en fonction de l\u2019\u00e9volution du bar\u00e8me de l\u2019IR.<\/p><\/div><div>\u00a0<\/div><div>\u00a0<\/div>\t\t\t\t\t\t<\/div>\n\t\t\t\t<\/div>\n\t\t\t\t<div class=\"elementor-element elementor-element-4e5fdbf elementor-align-center elementor-widget elementor-widget-button\" data-id=\"4e5fdbf\" data-element_type=\"widget\" data-widget_type=\"button.default\">\n\t\t\t\t<div class=\"elementor-widget-container\">\n\t\t\t\t\t<div class=\"elementor-button-wrapper\">\n\t\t\t<a class=\"elementor-button elementor-button-link elementor-size-sm\" href=\"https:\/\/www.economie.gouv.fr\/particuliers\/tranches-imposition-impot-revenu\">\n\t\t\t\t\t\t<span class=\"elementor-button-content-wrapper\">\n\t\t\t\t\t\t<span class=\"elementor-button-text\">En savoir plus sur le calcul du bar\u00e8me de l'imp\u00f4t sur le revenu<\/span>\n\t\t<\/span>\n\t\t\t\t\t<\/a>\n\t\t<\/div>\n\t\t\t\t<\/div>\n\t\t\t\t<\/div>\n\t\t\t\t<div class=\"elementor-element elementor-element-42b0e0b elementor-widget elementor-widget-text-editor\" data-id=\"42b0e0b\" data-element_type=\"widget\" data-widget_type=\"text-editor.default\">\n\t\t\t\t<div class=\"elementor-widget-container\">\n\t\t\t\t\t\t\t<h3 style=\"box-sizing: inherit; font-size: 1.75rem; line-height: 2.25rem; font-weight: bold; margin: var(--title-spacing); font-family: Marianne, arial, sans-serif; font-style: normal;\"><span style=\"color: #800080;\">Tri des biod\u00e9chets<\/span><\/h3><p style=\"box-sizing: inherit; font-size: medium; line-height: 1.5rem; margin: var(--text-spacing); color: #3a3a3a; font-family: Marianne, arial, sans-serif; font-style: normal; font-weight: 400;\">\u00c0 compter du 1<span style=\"box-sizing: inherit; font-size: 12px; line-height: 1; position: relative; vertical-align: baseline; top: -0.5em;\">er<\/span>\u00a0janvier 2024, conform\u00e9ment au droit europ\u00e9en et \u00e0\u00a0<a class=\"url-alias-convert\" style=\"box-sizing: inherit; --hover-tint: var(--idle); --active-tint: var(--active); text-decoration-line: none; outline-color: #0a76f6; outline-offset: 2px; outline-width: 2px; cursor: pointer; background-image: var(--underline-img),var(--underline-img); background-position: var(--underline-x) 100%,var(--underline-x) calc(100% - var(--underline-thickness)); background-repeat: no-repeat, no-repeat; background-size: var(--underline-hover-width) calc(var(--underline-thickness)*2),var(--underline-idle-width) var(--underline-thickness); transition-duration: 0s; transition-timing-function: ease; transition-property: background-size;\" title=\"\u00ab www.legifrance.gouv.fr \u00bb dans une nouvelle fen\u00eatre\" href=\"https:\/\/www.legifrance.gouv.fr\/jorf\/id\/JORFARTI000041553806\" target=\"_blank\" rel=\"noopener\">la loi antigaspillage de 2020<\/a>, le tri des biod\u00e9chets est g\u00e9n\u00e9ralis\u00e9 et concerne dor\u00e9navant tous les professionnels. Le tri des biod\u00e9chets contribue activement \u00e0 la lutte contre le gaspillage alimentaire.<\/p><p style=\"box-sizing: inherit; font-size: medium; line-height: 1.5rem; margin: var(--text-spacing); color: #3a3a3a; font-family: Marianne, arial, sans-serif; font-style: normal; font-weight: 400;\">Sont concern\u00e9s :\u00a0\u00a0\u00a0<\/p><ul style=\"box-sizing: inherit; --xl-size: var(--xl-base); margin-bottom: 0px; margin-left: 0px; margin-block-end: var(--xl-block); margin-block-start: var(--xl-block); list-style-type: var(--ul-type); padding-inline-start: var(--ul-start); color: #3a3a3a; font-family: Marianne, arial, sans-serif; font-size: medium; font-style: normal; font-weight: 400;\"><li style=\"box-sizing: inherit; --xl-base: calc(var(--xl-size)*0.9); padding-bottom: var(--li-bottom);\">les d\u00e9chets de table,\u00a0\u00a0\u00a0<\/li><li style=\"box-sizing: inherit; --xl-base: calc(var(--xl-size)*0.9); padding-bottom: var(--li-bottom);\">les rat\u00e9s de productions,\u00a0\u00a0\u00a0<\/li><li style=\"box-sizing: inherit; --xl-base: calc(var(--xl-size)*0.9); padding-bottom: var(--li-bottom);\">les invendus qui ne peuvent plus \u00eatre commercialis\u00e9s.<\/li><\/ul><p style=\"box-sizing: inherit; font-size: medium; line-height: 1.5rem; margin: var(--text-spacing); color: #3a3a3a; font-family: Marianne, arial, sans-serif; font-style: normal; font-weight: 400;\">Les professionnels doivent s\u2019organiser pour que les biod\u00e9chets soient s\u00e9par\u00e9s des autres d\u00e9chets. Pour assurer la collecte, le traitement et la valorisation des biod\u00e9chets, les professionnels doivent se rapprocher de leur prestataire habituel de gestion des d\u00e9chets ou d\u2019un prestataire sp\u00e9cialis\u00e9 dans la collecte des biod\u00e9chets.<\/p><p class=\"text-align-center\" style=\"box-sizing: inherit; font-size: medium; line-height: 1.5rem; margin: var(--text-spacing); text-align: center; color: #3a3a3a; font-family: Marianne, arial, sans-serif; font-style: normal; font-weight: 400;\">\u00a0<\/p><div>\u00a0<\/div>\t\t\t\t\t\t<\/div>\n\t\t\t\t<\/div>\n\t\t\t\t<div class=\"elementor-element elementor-element-5d437e4 elementor-align-center elementor-widget elementor-widget-button\" data-id=\"5d437e4\" data-element_type=\"widget\" data-widget_type=\"button.default\">\n\t\t\t\t<div class=\"elementor-widget-container\">\n\t\t\t\t\t<div class=\"elementor-button-wrapper\">\n\t\t\t<a class=\"elementor-button elementor-button-link elementor-size-sm\" href=\"https:\/\/www.ecologie.gouv.fr\/biodechets\">\n\t\t\t\t\t\t<span class=\"elementor-button-content-wrapper\">\n\t\t\t\t\t\t<span class=\"elementor-button-text\">En savoir plus sur le tri des biod\u00e9chets<\/span>\n\t\t<\/span>\n\t\t\t\t\t<\/a>\n\t\t<\/div>\n\t\t\t\t<\/div>\n\t\t\t\t<\/div>\n\t\t\t\t<div class=\"elementor-element elementor-element-998515b elementor-widget elementor-widget-text-editor\" data-id=\"998515b\" data-element_type=\"widget\" data-widget_type=\"text-editor.default\">\n\t\t\t\t<div class=\"elementor-widget-container\">\n\t\t\t\t\t\t\t<p style=\"text-align: center;\"><em><span style=\"color: #800080;\"><strong>Nous nous tenons \u00e0 votre disposition pour en discuter.<\/strong><\/span><\/em><\/p>\t\t\t\t\t\t<\/div>\n\t\t\t\t<\/div>\n\t\t\t\t\t<\/div>\n\t\t<\/div>\n\t\t\t\t\t\t\t<\/div>\n\t\t<\/section>\n\t\t\t\t\t\t\t<\/div>\n\t\t","protected":false},"excerpt":{"rendered":"<p>Cr\u00e9dits d\u2019imp\u00f4ts, aides au paiement des factures d\u2019\u00e9lectricit\u00e9, montant net social sur les fiches de paie\u2026 Comme chaque ann\u00e9e au 1er\u00a0janvier, de nombreux changements concernent les r\u00e8gles en vigueur pour &hellip;<\/p>\n<p class=\"read-more\"> <a class=\"\" href=\"https:\/\/www.lyca-ec.fr\/?p=1956\"> <span class=\"screen-reader-text\">Entreprises : ce qui change au 1er janvier 2024<\/span> Lire la suite\u00a0\u00bb<\/a><\/p>\n","protected":false},"author":1,"featured_media":0,"comment_status":"open","ping_status":"open","sticky":false,"template":"","format":"standard","meta":{"site-sidebar-layout":"default","site-content-layout":"default","ast-global-header-display":"","ast-main-header-display":"","ast-hfb-above-header-display":"","ast-hfb-below-header-display":"","ast-hfb-mobile-header-display":"","site-post-title":"","ast-breadcrumbs-content":"","ast-featured-img":"","footer-sml-layout":"","theme-transparent-header-meta":"","adv-header-id-meta":"","stick-header-meta":"","header-above-stick-meta":"","header-main-stick-meta":"","header-below-stick-meta":"","_price":"","_stock":"","_tribe_ticket_header":"","_tribe_default_ticket_provider":"","_tribe_ticket_capacity":"0","_ticket_start_date":"","_ticket_end_date":"","_tribe_ticket_show_description":"","_tribe_ticket_show_not_going":false,"_tribe_ticket_use_global_stock":"","_tribe_ticket_global_stock_level":"","_global_stock_mode":"","_global_stock_cap":"","_tribe_rsvp_for_event":"","_tribe_ticket_going_count":"","_tribe_ticket_not_going_count":"","_tribe_tickets_list":"[]","_tribe_ticket_has_attendee_info_fields":false,"footnotes":""},"categories":[1],"tags":[],"class_list":["post-1956","post","type-post","status-publish","format-standard","hentry","category-lyca-expertise-conseils"],"yoast_head":"<!-- This site is optimized with the Yoast SEO plugin v21.9.1 - https:\/\/yoast.com\/wordpress\/plugins\/seo\/ -->\n<title>Entreprises : ce qui change au 1er janvier 2024 -<\/title>\n<meta name=\"robots\" content=\"index, follow, max-snippet:-1, max-image-preview:large, max-video-preview:-1\" \/>\n<link rel=\"canonical\" href=\"https:\/\/www.lyca-ec.fr\/?p=1956\" \/>\n<meta property=\"og:locale\" content=\"fr_FR\" \/>\n<meta property=\"og:type\" content=\"article\" \/>\n<meta property=\"og:title\" content=\"Entreprises : ce qui change au 1er janvier 2024 -\" \/>\n<meta property=\"og:description\" content=\"Cr\u00e9dits d\u2019imp\u00f4ts, aides au paiement des factures d\u2019\u00e9lectricit\u00e9, montant net social sur les fiches de paie\u2026 Comme chaque ann\u00e9e au 1er\u00a0janvier, de nombreux changements concernent les r\u00e8gles en vigueur pour &hellip; Entreprises : ce qui change au 1er janvier 2024 Lire la suite\u00a0\u00bb\" \/>\n<meta property=\"og:url\" content=\"https:\/\/www.lyca-ec.fr\/?p=1956\" \/>\n<meta property=\"article:published_time\" content=\"2024-01-28T18:48:28+00:00\" \/>\n<meta property=\"article:modified_time\" content=\"2024-01-31T15:55:04+00:00\" \/>\n<meta name=\"author\" content=\"Lyca Expertise &amp; Conseils\" \/>\n<meta name=\"twitter:card\" content=\"summary_large_image\" \/>\n<meta name=\"twitter:label1\" content=\"\u00c9crit par\" \/>\n\t<meta name=\"twitter:data1\" content=\"Lyca Expertise &amp; Conseils\" \/>\n\t<meta name=\"twitter:label2\" content=\"Dur\u00e9e de lecture estim\u00e9e\" \/>\n\t<meta name=\"twitter:data2\" content=\"4 minutes\" \/>\n<script type=\"application\/ld+json\" class=\"yoast-schema-graph\">{\"@context\":\"https:\/\/schema.org\",\"@graph\":[{\"@type\":\"Article\",\"@id\":\"https:\/\/www.lyca-ec.fr\/?p=1956#article\",\"isPartOf\":{\"@id\":\"https:\/\/www.lyca-ec.fr\/?p=1956\"},\"author\":{\"name\":\"Lyca Expertise &amp; Conseils\",\"@id\":\"https:\/\/www.lyca-ec.fr\/#\/schema\/person\/c6398f0529e9c0da5b9102d47656b7d7\"},\"headline\":\"Entreprises : ce qui change au 1er janvier 2024\",\"datePublished\":\"2024-01-28T18:48:28+00:00\",\"dateModified\":\"2024-01-31T15:55:04+00:00\",\"mainEntityOfPage\":{\"@id\":\"https:\/\/www.lyca-ec.fr\/?p=1956\"},\"wordCount\":832,\"commentCount\":0,\"publisher\":{\"@id\":\"https:\/\/www.lyca-ec.fr\/#organization\"},\"articleSection\":[\"Actualit\u00e9s\"],\"inLanguage\":\"fr-FR\",\"potentialAction\":[{\"@type\":\"CommentAction\",\"name\":\"Comment\",\"target\":[\"https:\/\/www.lyca-ec.fr\/?p=1956#respond\"]}]},{\"@type\":\"WebPage\",\"@id\":\"https:\/\/www.lyca-ec.fr\/?p=1956\",\"url\":\"https:\/\/www.lyca-ec.fr\/?p=1956\",\"name\":\"Entreprises : ce qui change au 1er janvier 2024 -\",\"isPartOf\":{\"@id\":\"https:\/\/www.lyca-ec.fr\/#website\"},\"datePublished\":\"2024-01-28T18:48:28+00:00\",\"dateModified\":\"2024-01-31T15:55:04+00:00\",\"breadcrumb\":{\"@id\":\"https:\/\/www.lyca-ec.fr\/?p=1956#breadcrumb\"},\"inLanguage\":\"fr-FR\",\"potentialAction\":[{\"@type\":\"ReadAction\",\"target\":[\"https:\/\/www.lyca-ec.fr\/?p=1956\"]}]},{\"@type\":\"BreadcrumbList\",\"@id\":\"https:\/\/www.lyca-ec.fr\/?p=1956#breadcrumb\",\"itemListElement\":[{\"@type\":\"ListItem\",\"position\":1,\"name\":\"Accueil\",\"item\":\"https:\/\/www.lyca-ec.fr\/\"},{\"@type\":\"ListItem\",\"position\":2,\"name\":\"Entreprises : ce qui change au 1er janvier 2024\"}]},{\"@type\":\"WebSite\",\"@id\":\"https:\/\/www.lyca-ec.fr\/#website\",\"url\":\"https:\/\/www.lyca-ec.fr\/\",\"name\":\"LYCA Expertise & Conseils\",\"description\":\"LYCA Expertise &amp; Conseils\",\"publisher\":{\"@id\":\"https:\/\/www.lyca-ec.fr\/#organization\"},\"potentialAction\":[{\"@type\":\"SearchAction\",\"target\":{\"@type\":\"EntryPoint\",\"urlTemplate\":\"https:\/\/www.lyca-ec.fr\/?s={search_term_string}\"},\"query-input\":\"required name=search_term_string\"}],\"inLanguage\":\"fr-FR\"},{\"@type\":\"Organization\",\"@id\":\"https:\/\/www.lyca-ec.fr\/#organization\",\"name\":\"LYCA Expertise & Conseils\",\"url\":\"https:\/\/www.lyca-ec.fr\/\",\"logo\":{\"@type\":\"ImageObject\",\"inLanguage\":\"fr-FR\",\"@id\":\"https:\/\/www.lyca-ec.fr\/#\/schema\/logo\/image\/\",\"url\":\"https:\/\/www.lyca-ec.fr\/wp-content\/uploads\/2022\/11\/cropped-cropped-Copie-de-Noir-et-Or-Cercle-Immobilier-Logo-2_prev_ui.png\",\"contentUrl\":\"https:\/\/www.lyca-ec.fr\/wp-content\/uploads\/2022\/11\/cropped-cropped-Copie-de-Noir-et-Or-Cercle-Immobilier-Logo-2_prev_ui.png\",\"width\":305,\"height\":300,\"caption\":\"LYCA Expertise & Conseils\"},\"image\":{\"@id\":\"https:\/\/www.lyca-ec.fr\/#\/schema\/logo\/image\/\"},\"sameAs\":[\"https:\/\/www.linkedin.com\/company\/lyca-expertise-conseils\"]},{\"@type\":\"Person\",\"@id\":\"https:\/\/www.lyca-ec.fr\/#\/schema\/person\/c6398f0529e9c0da5b9102d47656b7d7\",\"name\":\"Lyca Expertise &amp; Conseils\",\"image\":{\"@type\":\"ImageObject\",\"inLanguage\":\"fr-FR\",\"@id\":\"https:\/\/www.lyca-ec.fr\/#\/schema\/person\/image\/\",\"url\":\"https:\/\/secure.gravatar.com\/avatar\/61e1b03b65f73e0bc872340b60347a6b664ecaab6410d9f0763e9e9b16081d08?s=96&d=mm&r=g\",\"contentUrl\":\"https:\/\/secure.gravatar.com\/avatar\/61e1b03b65f73e0bc872340b60347a6b664ecaab6410d9f0763e9e9b16081d08?s=96&d=mm&r=g\",\"caption\":\"Lyca Expertise &amp; Conseils\"},\"sameAs\":[\"http:\/\/www.lyca-ec.fr\"],\"url\":\"https:\/\/www.lyca-ec.fr\/?author=1\"}]}<\/script>\n<!-- \/ Yoast SEO plugin. -->","yoast_head_json":{"title":"Entreprises : ce qui change au 1er janvier 2024 -","robots":{"index":"index","follow":"follow","max-snippet":"max-snippet:-1","max-image-preview":"max-image-preview:large","max-video-preview":"max-video-preview:-1"},"canonical":"https:\/\/www.lyca-ec.fr\/?p=1956","og_locale":"fr_FR","og_type":"article","og_title":"Entreprises : ce qui change au 1er janvier 2024 -","og_description":"Cr\u00e9dits d\u2019imp\u00f4ts, aides au paiement des factures d\u2019\u00e9lectricit\u00e9, montant net social sur les fiches de paie\u2026 Comme chaque ann\u00e9e au 1er\u00a0janvier, de nombreux changements concernent les r\u00e8gles en vigueur pour &hellip; Entreprises : ce qui change au 1er janvier 2024 Lire la suite\u00a0\u00bb","og_url":"https:\/\/www.lyca-ec.fr\/?p=1956","article_published_time":"2024-01-28T18:48:28+00:00","article_modified_time":"2024-01-31T15:55:04+00:00","author":"Lyca Expertise &amp; Conseils","twitter_card":"summary_large_image","twitter_misc":{"\u00c9crit par":"Lyca Expertise &amp; Conseils","Dur\u00e9e de lecture estim\u00e9e":"4 minutes"},"schema":{"@context":"https:\/\/schema.org","@graph":[{"@type":"Article","@id":"https:\/\/www.lyca-ec.fr\/?p=1956#article","isPartOf":{"@id":"https:\/\/www.lyca-ec.fr\/?p=1956"},"author":{"name":"Lyca Expertise &amp; Conseils","@id":"https:\/\/www.lyca-ec.fr\/#\/schema\/person\/c6398f0529e9c0da5b9102d47656b7d7"},"headline":"Entreprises : ce qui change au 1er janvier 2024","datePublished":"2024-01-28T18:48:28+00:00","dateModified":"2024-01-31T15:55:04+00:00","mainEntityOfPage":{"@id":"https:\/\/www.lyca-ec.fr\/?p=1956"},"wordCount":832,"commentCount":0,"publisher":{"@id":"https:\/\/www.lyca-ec.fr\/#organization"},"articleSection":["Actualit\u00e9s"],"inLanguage":"fr-FR","potentialAction":[{"@type":"CommentAction","name":"Comment","target":["https:\/\/www.lyca-ec.fr\/?p=1956#respond"]}]},{"@type":"WebPage","@id":"https:\/\/www.lyca-ec.fr\/?p=1956","url":"https:\/\/www.lyca-ec.fr\/?p=1956","name":"Entreprises : ce qui change au 1er janvier 2024 -","isPartOf":{"@id":"https:\/\/www.lyca-ec.fr\/#website"},"datePublished":"2024-01-28T18:48:28+00:00","dateModified":"2024-01-31T15:55:04+00:00","breadcrumb":{"@id":"https:\/\/www.lyca-ec.fr\/?p=1956#breadcrumb"},"inLanguage":"fr-FR","potentialAction":[{"@type":"ReadAction","target":["https:\/\/www.lyca-ec.fr\/?p=1956"]}]},{"@type":"BreadcrumbList","@id":"https:\/\/www.lyca-ec.fr\/?p=1956#breadcrumb","itemListElement":[{"@type":"ListItem","position":1,"name":"Accueil","item":"https:\/\/www.lyca-ec.fr\/"},{"@type":"ListItem","position":2,"name":"Entreprises : ce qui change au 1er janvier 2024"}]},{"@type":"WebSite","@id":"https:\/\/www.lyca-ec.fr\/#website","url":"https:\/\/www.lyca-ec.fr\/","name":"LYCA Expertise & Conseils","description":"LYCA Expertise &amp; Conseils","publisher":{"@id":"https:\/\/www.lyca-ec.fr\/#organization"},"potentialAction":[{"@type":"SearchAction","target":{"@type":"EntryPoint","urlTemplate":"https:\/\/www.lyca-ec.fr\/?s={search_term_string}"},"query-input":"required name=search_term_string"}],"inLanguage":"fr-FR"},{"@type":"Organization","@id":"https:\/\/www.lyca-ec.fr\/#organization","name":"LYCA Expertise & Conseils","url":"https:\/\/www.lyca-ec.fr\/","logo":{"@type":"ImageObject","inLanguage":"fr-FR","@id":"https:\/\/www.lyca-ec.fr\/#\/schema\/logo\/image\/","url":"https:\/\/www.lyca-ec.fr\/wp-content\/uploads\/2022\/11\/cropped-cropped-Copie-de-Noir-et-Or-Cercle-Immobilier-Logo-2_prev_ui.png","contentUrl":"https:\/\/www.lyca-ec.fr\/wp-content\/uploads\/2022\/11\/cropped-cropped-Copie-de-Noir-et-Or-Cercle-Immobilier-Logo-2_prev_ui.png","width":305,"height":300,"caption":"LYCA Expertise & Conseils"},"image":{"@id":"https:\/\/www.lyca-ec.fr\/#\/schema\/logo\/image\/"},"sameAs":["https:\/\/www.linkedin.com\/company\/lyca-expertise-conseils"]},{"@type":"Person","@id":"https:\/\/www.lyca-ec.fr\/#\/schema\/person\/c6398f0529e9c0da5b9102d47656b7d7","name":"Lyca Expertise &amp; Conseils","image":{"@type":"ImageObject","inLanguage":"fr-FR","@id":"https:\/\/www.lyca-ec.fr\/#\/schema\/person\/image\/","url":"https:\/\/secure.gravatar.com\/avatar\/61e1b03b65f73e0bc872340b60347a6b664ecaab6410d9f0763e9e9b16081d08?s=96&d=mm&r=g","contentUrl":"https:\/\/secure.gravatar.com\/avatar\/61e1b03b65f73e0bc872340b60347a6b664ecaab6410d9f0763e9e9b16081d08?s=96&d=mm&r=g","caption":"Lyca Expertise &amp; Conseils"},"sameAs":["http:\/\/www.lyca-ec.fr"],"url":"https:\/\/www.lyca-ec.fr\/?author=1"}]}},"_links":{"self":[{"href":"https:\/\/www.lyca-ec.fr\/index.php?rest_route=\/wp\/v2\/posts\/1956","targetHints":{"allow":["GET"]}}],"collection":[{"href":"https:\/\/www.lyca-ec.fr\/index.php?rest_route=\/wp\/v2\/posts"}],"about":[{"href":"https:\/\/www.lyca-ec.fr\/index.php?rest_route=\/wp\/v2\/types\/post"}],"author":[{"embeddable":true,"href":"https:\/\/www.lyca-ec.fr\/index.php?rest_route=\/wp\/v2\/users\/1"}],"replies":[{"embeddable":true,"href":"https:\/\/www.lyca-ec.fr\/index.php?rest_route=%2Fwp%2Fv2%2Fcomments&post=1956"}],"version-history":[{"count":42,"href":"https:\/\/www.lyca-ec.fr\/index.php?rest_route=\/wp\/v2\/posts\/1956\/revisions"}],"predecessor-version":[{"id":1998,"href":"https:\/\/www.lyca-ec.fr\/index.php?rest_route=\/wp\/v2\/posts\/1956\/revisions\/1998"}],"wp:attachment":[{"href":"https:\/\/www.lyca-ec.fr\/index.php?rest_route=%2Fwp%2Fv2%2Fmedia&parent=1956"}],"wp:term":[{"taxonomy":"category","embeddable":true,"href":"https:\/\/www.lyca-ec.fr\/index.php?rest_route=%2Fwp%2Fv2%2Fcategories&post=1956"},{"taxonomy":"post_tag","embeddable":true,"href":"https:\/\/www.lyca-ec.fr\/index.php?rest_route=%2Fwp%2Fv2%2Ftags&post=1956"}],"curies":[{"name":"wp","href":"https:\/\/api.w.org\/{rel}","templated":true}]}}