{"id":2036,"date":"2025-03-28T15:48:06","date_gmt":"2025-03-28T14:48:06","guid":{"rendered":"https:\/\/www.lyca-ec.fr\/?p=2036"},"modified":"2025-03-28T16:00:05","modified_gmt":"2025-03-28T15:00:05","slug":"reforme-de-la-franchise-en-base-de-tva-pour-les-micro-entrepreneurs","status":"publish","type":"post","link":"https:\/\/www.lyca-ec.fr\/?p=2036","title":{"rendered":"R\u00e9forme de la franchise en base de TVA pour les micro-entrepreneurs"},"content":{"rendered":"\t\t<div data-elementor-type=\"wp-post\" data-elementor-id=\"2036\" class=\"elementor elementor-2036\">\n\t\t\t\t\t\t\t\t\t<section class=\"elementor-section elementor-top-section elementor-element elementor-element-d77af7f elementor-section-boxed elementor-section-height-default elementor-section-height-default\" data-id=\"d77af7f\" data-element_type=\"section\">\n\t\t\t\t\t\t<div class=\"elementor-container elementor-column-gap-default\">\n\t\t\t\t\t<div class=\"elementor-column elementor-col-100 elementor-top-column elementor-element elementor-element-626572d\" data-id=\"626572d\" data-element_type=\"column\">\n\t\t\t<div class=\"elementor-widget-wrap elementor-element-populated\">\n\t\t\t\t\t\t\t\t<div class=\"elementor-element elementor-element-265531f elementor-widget elementor-widget-heading\" data-id=\"265531f\" data-element_type=\"widget\" data-widget_type=\"heading.default\">\n\t\t\t\t<div class=\"elementor-widget-container\">\n\t\t\t<style>\/*! elementor - v3.18.0 - 20-12-2023 *\/\n.elementor-heading-title{padding:0;margin:0;line-height:1}.elementor-widget-heading .elementor-heading-title[class*=elementor-size-]>a{color:inherit;font-size:inherit;line-height:inherit}.elementor-widget-heading .elementor-heading-title.elementor-size-small{font-size:15px}.elementor-widget-heading .elementor-heading-title.elementor-size-medium{font-size:19px}.elementor-widget-heading .elementor-heading-title.elementor-size-large{font-size:29px}.elementor-widget-heading .elementor-heading-title.elementor-size-xl{font-size:39px}.elementor-widget-heading .elementor-heading-title.elementor-size-xxl{font-size:59px}<\/style><h2 class=\"elementor-heading-title elementor-size-default\"><b>REFORME DE LA FRANCHISE EN BASE DE TVA POUR LES MICRO-ENTREPRENEURS<\/b><\/h2>\t\t<\/div>\n\t\t\t\t<\/div>\n\t\t\t\t\t<\/div>\n\t\t<\/div>\n\t\t\t\t\t\t\t<\/div>\n\t\t<\/section>\n\t\t\t\t<section class=\"elementor-section elementor-top-section elementor-element elementor-element-79c4de2 elementor-section-boxed elementor-section-height-default elementor-section-height-default\" data-id=\"79c4de2\" data-element_type=\"section\">\n\t\t\t\t\t\t<div class=\"elementor-container elementor-column-gap-default\">\n\t\t\t\t\t<div class=\"elementor-column elementor-col-100 elementor-top-column elementor-element elementor-element-9dabf91\" data-id=\"9dabf91\" data-element_type=\"column\">\n\t\t\t<div class=\"elementor-widget-wrap elementor-element-populated\">\n\t\t\t\t\t\t\t\t<div class=\"elementor-element elementor-element-042108b elementor-widget__width-initial elementor-widget elementor-widget-text-editor\" data-id=\"042108b\" data-element_type=\"widget\" data-widget_type=\"text-editor.default\">\n\t\t\t\t<div class=\"elementor-widget-container\">\n\t\t\t<style>\/*! elementor - v3.18.0 - 20-12-2023 *\/\n.elementor-widget-text-editor.elementor-drop-cap-view-stacked .elementor-drop-cap{background-color:#69727d;color:#fff}.elementor-widget-text-editor.elementor-drop-cap-view-framed .elementor-drop-cap{color:#69727d;border:3px solid;background-color:transparent}.elementor-widget-text-editor:not(.elementor-drop-cap-view-default) .elementor-drop-cap{margin-top:8px}.elementor-widget-text-editor:not(.elementor-drop-cap-view-default) .elementor-drop-cap-letter{width:1em;height:1em}.elementor-widget-text-editor .elementor-drop-cap{float:left;text-align:center;line-height:1;font-size:50px}.elementor-widget-text-editor .elementor-drop-cap-letter{display:inline-block}<\/style>\t\t\t\t<p>La loi de finances pour 2025 introduit une r\u00e9forme majeure de la franchise en base de TVA.&nbsp;<\/p>\n<p class=\"MsoNormal\">Cette mesure, initialement pr\u00e9vue pour le 1er mars 2025, est suspendue jusqu\u2019au 1er juin 2025.<\/p><p class=\"MsoNormal\"><em style=\"font-weight: inherit; background-color: var(--ast-global-color-5); color: var(--ast-global-color-3);\"><b style=\"font-style: inherit; background-color: var(--ast-global-color-5); color: var(--ast-global-color-3); text-decoration-line: underline;\"><span style=\"color: rgb(68, 114, 196);\">Ce qui change :<\/span><\/b><\/em><\/p>\n<p class=\"MsoNormal\">\n<\/p><p class=\"MsoNormal\">Seuils de franchise uniformis\u00e9s : un plafond unique de 25000 \u20ac de chiffre d\u2019affaires annuel pour b\u00e9n\u00e9ficier de la franchise en base de TVA.<\/p>\n<p class=\"MsoNormal\"><span style=\"font-style: inherit; font-weight: inherit; background-color: var(--ast-global-color-5); color: var(--ast-global-color-3);\">La franchise reste applicable tant que le chiffre d\u2019affaires&nbsp;<\/span><span style=\"font-style: inherit; font-weight: inherit; background-color: var(--ast-global-color-5); color: var(--ast-global-color-3);\">en cours d\u2019ann\u00e9e n\u2019exc\u00e8de pas 27 500 \u20ac.<\/span><\/p>\n<p class=\"MsoNormal\">\n<\/p><p class=\"MsoNormal\">Application imm\u00e9diate de la TVA en cas de d\u00e9passement des nouveaux seuils.<\/p>\n<p class=\"MsoNormal\">\n<\/p><p class=\"MsoNormal\"><span style=\"text-decoration: underline;\"><b><i><span style=\"color: #4472c4; text-decoration: underline;\">Entr\u00e9e en vigueur et r\u00e8gles transitoires :<\/span><\/i><\/b><\/span><\/p>\n<p class=\"MsoNormal\">\n<\/p><ul style=\"margin-top: 0cm;\" type=\"disc\">\n<li class=\"MsoListParagraph\" style=\"margin-left: 2.4pt; mso-list: l1 level1 lfo1;\"><b><u>\u00c0 partir du 1er janvier 2025 :<\/u><\/b><\/li>\n<\/ul>\n<p class=\"MsoNormal\">\n<\/p><p class=\"MsoNormal\">Si votre CA 2024 est sup\u00e9rieur aux anciens seuils (85 000 \u20ac ou 37 500 \u20ac), vous \u00eates assujetti \u00e0 la TVA d\u00e8s le 1er janvier 2025.<\/p>\n<p class=\"MsoNormal\">\n<\/p><ul style=\"margin-top: 0cm;\" type=\"disc\">\n<li class=\"MsoListParagraph\" style=\"margin-left: 2.4pt; mso-list: l1 level1 lfo1;\"><b><u>Entre le 1er janvier et le 31 mai 2025 :<\/u><\/b><\/li>\n<\/ul>\n<p class=\"MsoNormal\">\n<\/p><p class=\"MsoNormal\">Si votre CA d\u00e9passe les anciens seuils major\u00e9s (93 500 \u20ac ou 41 250 \u20ac), la TVA devient applicable d\u00e8s le mois du d\u00e9passement.<\/p>\n<p class=\"MsoNormal\">\n<\/p><ul style=\"margin-top: 0cm;\" type=\"disc\">\n<li class=\"MsoListParagraph\" style=\"margin-left: 2.4pt; mso-list: l1 level1 lfo1;\"><b><u>\u00c0 partir du 1er juin 2025 :<\/u><\/b><\/li>\n<\/ul>\n<p class=\"MsoNormal\">\n<\/p><p class=\"MsoListParagraph\" style=\"margin-left: 56.4pt; text-indent: -18.0pt; mso-list: l1 level1 lfo1;\"><!-- [if !supportLists]--><span style=\"font-family: Symbol; mso-fareast-font-family: Symbol; mso-bidi-font-family: Symbol;\">\u00b7<span style=\"font-variant-numeric: normal; font-variant-east-asian: normal; font-variant-alternates: normal; font-size-adjust: none; font-kerning: auto; font-optical-sizing: auto; font-feature-settings: normal; font-variation-settings: normal; font-variant-position: normal; font-variant-emoji: normal; font-stretch: normal; font-size: 7pt; line-height: normal; font-family: 'Times New Roman';\">&nbsp;&nbsp;&nbsp;&nbsp;&nbsp;&nbsp;&nbsp;<\/span><\/span>Si votre CA 2024 est inf\u00e9rieur \u00e0 25 000 \u20ac et que votre CA 2025 est compris entre 25 000 \u20ac et 27 500 \u20ac, la TVA s\u2019appliquera d\u00e8s<br>le 1er janvier 2026.<\/p>\n<p class=\"MsoNormal\" style=\"margin-left: 18.0pt;\">\n<\/p><p class=\"MsoListParagraph\" style=\"margin-left: 56.4pt; text-indent: -18.0pt; mso-list: l1 level1 lfo1;\"><!-- [if !supportLists]--><span style=\"font-family: Symbol; mso-fareast-font-family: Symbol; mso-bidi-font-family: Symbol;\">\u00b7<span style=\"font-variant-numeric: normal; font-variant-east-asian: normal; font-variant-alternates: normal; font-size-adjust: none; font-kerning: auto; font-optical-sizing: auto; font-feature-settings: normal; font-variation-settings: normal; font-variant-position: normal; font-variant-emoji: normal; font-stretch: normal; font-size: 7pt; line-height: normal; font-family: 'Times New Roman';\">&nbsp;&nbsp;&nbsp;&nbsp;&nbsp;&nbsp;&nbsp;<\/span><\/span>Si votre CA 2025 d\u00e9passe 27 500 \u20ac, vous devenez assujetti \u00e0 la TVA d\u00e8s le mois du d\u00e9passement apr\u00e8s le 1er juin 2025.<\/p>\n<p class=\"MsoNormal\" style=\"margin-left: 18.0pt;\">\n<\/p><p class=\"MsoListParagraph\" style=\"margin-left: 56.4pt; text-indent: -18.0pt; mso-list: l1 level1 lfo1;\"><!-- [if !supportLists]--><span style=\"font-family: Symbol; mso-fareast-font-family: Symbol; mso-bidi-font-family: Symbol;\">\u00b7<span style=\"font-variant-numeric: normal; font-variant-east-asian: normal; font-variant-alternates: normal; font-size-adjust: none; font-kerning: auto; font-optical-sizing: auto; font-feature-settings: normal; font-variation-settings: normal; font-variant-position: normal; font-variant-emoji: normal; font-stretch: normal; font-size: 7pt; line-height: normal; font-family: 'Times New Roman';\">&nbsp;&nbsp;&nbsp;&nbsp;&nbsp;&nbsp;<\/span><\/span>Si votre CA 2024 d\u00e9passe 25 000 \u20ac, vous serez assujetti \u00e0 la TVA \u00e0 partir du 1er juin 2025.<\/p>\n<p class=\"MsoNormal\">\n<\/p><p class=\"MsoNormal\"><span style=\"text-decoration: underline;\"><b><i><span style=\"color: #4472c4; text-decoration: underline;\">Cons\u00e9quences en cas de d\u00e9passement des seuils :<\/span><\/i><\/b><\/span><\/p>\n<p class=\"MsoNormal\">\n<\/p><ul style=\"margin-top: 0cm;\" type=\"disc\">\n<li class=\"MsoListParagraph\" style=\"margin-left: 0cm; mso-list: l0 level1 lfo2;\">Passage automatique \u00e0 un r\u00e9gime r\u00e9el d\u2019imposition<\/li>\n<li class=\"MsoListParagraph\" style=\"margin-left: 0cm; mso-list: l0 level1 lfo2;\">Nouvelles obligations :<br><ul style=\"margin-top: 0cm;\" type=\"circle\">\n<li class=\"MsoListParagraph\" style=\"margin-left: 0cm; mso-list: l0 level2 lfo2;\">Demande d\u2019un num\u00e9ro d\u2019identification \u00e0 la TVA.<\/li>\n<li class=\"MsoListParagraph\" style=\"margin-left: 0cm; mso-list: l0 level2 lfo2;\">Facturation conforme avec mention de la TVA.<\/li>\n<li class=\"MsoListParagraph\" style=\"margin-left: 0cm; mso-list: l0 level2 lfo2;\">Application des taux de TVA selon l\u2019op\u00e9ration.<\/li>\n<li class=\"MsoListParagraph\" style=\"margin-left: 0cm; mso-list: l0 level2 lfo2;\">Tenue d\u2019une comptabilit\u00e9 permettant de justifier la nature des op\u00e9rations r\u00e9alis\u00e9es et le montant des recettes encaiss\u00e9es<\/li>\n<li class=\"MsoListParagraph\" style=\"margin-left: 0cm; mso-list: l0 level2 lfo2;\">D\u00e9duction possible de la TVA sur les achats.<\/li>\n<\/ul>\n<\/li>\n<\/ul>\n<p class=\"MsoNormal\">\n<\/p><p class=\"MsoNormal\">Nous vous conseillons d\u2019anticiper ces nouvelles obligations afin d\u2019\u00e9viter toute difficult\u00e9. Notre cabinet reste \u00e0 votre disposition pour vous accompagner dans cette transition.<\/p>\n<p class=\"MsoNormal\">\n<\/p><p class=\"MsoNormal\"><strong>L\u2019\u00e9quipe de Lyca Expertise &amp; Conseils<\/strong><\/p>\t\t\t\t\t\t<\/div>\n\t\t\t\t<\/div>\n\t\t\t\t\t<\/div>\n\t\t<\/div>\n\t\t\t\t\t\t\t<\/div>\n\t\t<\/section>\n\t\t\t\t\t\t\t<\/div>\n\t\t","protected":false},"excerpt":{"rendered":"<p>REFORME DE LA FRANCHISE EN BASE DE TVA POUR LES MICRO-ENTREPRENEURS La loi de finances pour 2025 introduit une r\u00e9forme majeure de la franchise en base de TVA.&nbsp; Cette mesure, &hellip;<\/p>\n<p class=\"read-more\"> <a class=\"\" href=\"https:\/\/www.lyca-ec.fr\/?p=2036\"> <span class=\"screen-reader-text\">R\u00e9forme de la franchise en base de TVA pour les micro-entrepreneurs<\/span> Lire la suite\u00a0\u00bb<\/a><\/p>\n","protected":false},"author":1,"featured_media":0,"comment_status":"open","ping_status":"open","sticky":false,"template":"","format":"standard","meta":{"site-sidebar-layout":"default","site-content-layout":"default","ast-global-header-display":"","ast-main-header-display":"","ast-hfb-above-header-display":"","ast-hfb-below-header-display":"","ast-hfb-mobile-header-display":"","site-post-title":"","ast-breadcrumbs-content":"","ast-featured-img":"","footer-sml-layout":"","theme-transparent-header-meta":"","adv-header-id-meta":"","stick-header-meta":"","header-above-stick-meta":"","header-main-stick-meta":"","header-below-stick-meta":"","_price":"","_stock":"","_tribe_ticket_header":"","_tribe_default_ticket_provider":"","_tribe_ticket_capacity":"0","_ticket_start_date":"","_ticket_end_date":"","_tribe_ticket_show_description":"","_tribe_ticket_show_not_going":false,"_tribe_ticket_use_global_stock":"","_tribe_ticket_global_stock_level":"","_global_stock_mode":"","_global_stock_cap":"","_tribe_rsvp_for_event":"","_tribe_ticket_going_count":"","_tribe_ticket_not_going_count":"","_tribe_tickets_list":"[]","_tribe_ticket_has_attendee_info_fields":false,"footnotes":""},"categories":[1],"tags":[],"class_list":["post-2036","post","type-post","status-publish","format-standard","hentry","category-lyca-expertise-conseils"],"yoast_head":"<!-- This site is optimized with the Yoast SEO plugin v21.9.1 - https:\/\/yoast.com\/wordpress\/plugins\/seo\/ -->\n<title>R\u00e9forme de la franchise en base de TVA pour les micro-entrepreneurs -<\/title>\n<meta name=\"robots\" content=\"index, follow, max-snippet:-1, max-image-preview:large, max-video-preview:-1\" \/>\n<link rel=\"canonical\" href=\"https:\/\/www.lyca-ec.fr\/?p=2036\" \/>\n<meta property=\"og:locale\" content=\"fr_FR\" \/>\n<meta property=\"og:type\" content=\"article\" \/>\n<meta property=\"og:title\" content=\"R\u00e9forme de la franchise en base de TVA pour les micro-entrepreneurs -\" \/>\n<meta property=\"og:description\" content=\"REFORME DE LA FRANCHISE EN BASE DE TVA POUR LES MICRO-ENTREPRENEURS La loi de finances pour 2025 introduit une r\u00e9forme majeure de la franchise en base de TVA.&nbsp; Cette mesure, &hellip; R\u00e9forme de la franchise en base de TVA pour les micro-entrepreneurs Lire la suite\u00a0\u00bb\" \/>\n<meta property=\"og:url\" content=\"https:\/\/www.lyca-ec.fr\/?p=2036\" \/>\n<meta property=\"article:published_time\" content=\"2025-03-28T14:48:06+00:00\" \/>\n<meta property=\"article:modified_time\" content=\"2025-03-28T15:00:05+00:00\" \/>\n<meta name=\"author\" content=\"Lyca Expertise &amp; Conseils\" \/>\n<meta name=\"twitter:card\" content=\"summary_large_image\" \/>\n<meta name=\"twitter:label1\" content=\"\u00c9crit par\" \/>\n\t<meta name=\"twitter:data1\" content=\"Lyca Expertise &amp; Conseils\" \/>\n\t<meta name=\"twitter:label2\" content=\"Dur\u00e9e de lecture estim\u00e9e\" \/>\n\t<meta name=\"twitter:data2\" content=\"2 minutes\" \/>\n<script type=\"application\/ld+json\" class=\"yoast-schema-graph\">{\"@context\":\"https:\/\/schema.org\",\"@graph\":[{\"@type\":\"Article\",\"@id\":\"https:\/\/www.lyca-ec.fr\/?p=2036#article\",\"isPartOf\":{\"@id\":\"https:\/\/www.lyca-ec.fr\/?p=2036\"},\"author\":{\"name\":\"Lyca Expertise &amp; Conseils\",\"@id\":\"https:\/\/www.lyca-ec.fr\/#\/schema\/person\/c6398f0529e9c0da5b9102d47656b7d7\"},\"headline\":\"R\u00e9forme de la franchise en base de TVA pour les micro-entrepreneurs\",\"datePublished\":\"2025-03-28T14:48:06+00:00\",\"dateModified\":\"2025-03-28T15:00:05+00:00\",\"mainEntityOfPage\":{\"@id\":\"https:\/\/www.lyca-ec.fr\/?p=2036\"},\"wordCount\":368,\"commentCount\":0,\"publisher\":{\"@id\":\"https:\/\/www.lyca-ec.fr\/#organization\"},\"articleSection\":[\"Actualit\u00e9s\"],\"inLanguage\":\"fr-FR\",\"potentialAction\":[{\"@type\":\"CommentAction\",\"name\":\"Comment\",\"target\":[\"https:\/\/www.lyca-ec.fr\/?p=2036#respond\"]}]},{\"@type\":\"WebPage\",\"@id\":\"https:\/\/www.lyca-ec.fr\/?p=2036\",\"url\":\"https:\/\/www.lyca-ec.fr\/?p=2036\",\"name\":\"R\u00e9forme de la franchise en base de TVA pour les micro-entrepreneurs -\",\"isPartOf\":{\"@id\":\"https:\/\/www.lyca-ec.fr\/#website\"},\"datePublished\":\"2025-03-28T14:48:06+00:00\",\"dateModified\":\"2025-03-28T15:00:05+00:00\",\"breadcrumb\":{\"@id\":\"https:\/\/www.lyca-ec.fr\/?p=2036#breadcrumb\"},\"inLanguage\":\"fr-FR\",\"potentialAction\":[{\"@type\":\"ReadAction\",\"target\":[\"https:\/\/www.lyca-ec.fr\/?p=2036\"]}]},{\"@type\":\"BreadcrumbList\",\"@id\":\"https:\/\/www.lyca-ec.fr\/?p=2036#breadcrumb\",\"itemListElement\":[{\"@type\":\"ListItem\",\"position\":1,\"name\":\"Accueil\",\"item\":\"https:\/\/www.lyca-ec.fr\/\"},{\"@type\":\"ListItem\",\"position\":2,\"name\":\"R\u00e9forme de la franchise en base de TVA pour les micro-entrepreneurs\"}]},{\"@type\":\"WebSite\",\"@id\":\"https:\/\/www.lyca-ec.fr\/#website\",\"url\":\"https:\/\/www.lyca-ec.fr\/\",\"name\":\"LYCA Expertise & Conseils\",\"description\":\"LYCA Expertise &amp; Conseils\",\"publisher\":{\"@id\":\"https:\/\/www.lyca-ec.fr\/#organization\"},\"potentialAction\":[{\"@type\":\"SearchAction\",\"target\":{\"@type\":\"EntryPoint\",\"urlTemplate\":\"https:\/\/www.lyca-ec.fr\/?s={search_term_string}\"},\"query-input\":\"required name=search_term_string\"}],\"inLanguage\":\"fr-FR\"},{\"@type\":\"Organization\",\"@id\":\"https:\/\/www.lyca-ec.fr\/#organization\",\"name\":\"LYCA Expertise & Conseils\",\"url\":\"https:\/\/www.lyca-ec.fr\/\",\"logo\":{\"@type\":\"ImageObject\",\"inLanguage\":\"fr-FR\",\"@id\":\"https:\/\/www.lyca-ec.fr\/#\/schema\/logo\/image\/\",\"url\":\"https:\/\/www.lyca-ec.fr\/wp-content\/uploads\/2022\/11\/cropped-cropped-Copie-de-Noir-et-Or-Cercle-Immobilier-Logo-2_prev_ui.png\",\"contentUrl\":\"https:\/\/www.lyca-ec.fr\/wp-content\/uploads\/2022\/11\/cropped-cropped-Copie-de-Noir-et-Or-Cercle-Immobilier-Logo-2_prev_ui.png\",\"width\":305,\"height\":300,\"caption\":\"LYCA Expertise & Conseils\"},\"image\":{\"@id\":\"https:\/\/www.lyca-ec.fr\/#\/schema\/logo\/image\/\"},\"sameAs\":[\"https:\/\/www.linkedin.com\/company\/lyca-expertise-conseils\"]},{\"@type\":\"Person\",\"@id\":\"https:\/\/www.lyca-ec.fr\/#\/schema\/person\/c6398f0529e9c0da5b9102d47656b7d7\",\"name\":\"Lyca Expertise &amp; Conseils\",\"image\":{\"@type\":\"ImageObject\",\"inLanguage\":\"fr-FR\",\"@id\":\"https:\/\/www.lyca-ec.fr\/#\/schema\/person\/image\/\",\"url\":\"https:\/\/secure.gravatar.com\/avatar\/61e1b03b65f73e0bc872340b60347a6b664ecaab6410d9f0763e9e9b16081d08?s=96&d=mm&r=g\",\"contentUrl\":\"https:\/\/secure.gravatar.com\/avatar\/61e1b03b65f73e0bc872340b60347a6b664ecaab6410d9f0763e9e9b16081d08?s=96&d=mm&r=g\",\"caption\":\"Lyca Expertise &amp; Conseils\"},\"sameAs\":[\"http:\/\/www.lyca-ec.fr\"],\"url\":\"https:\/\/www.lyca-ec.fr\/?author=1\"}]}<\/script>\n<!-- \/ Yoast SEO plugin. -->","yoast_head_json":{"title":"R\u00e9forme de la franchise en base de TVA pour les micro-entrepreneurs -","robots":{"index":"index","follow":"follow","max-snippet":"max-snippet:-1","max-image-preview":"max-image-preview:large","max-video-preview":"max-video-preview:-1"},"canonical":"https:\/\/www.lyca-ec.fr\/?p=2036","og_locale":"fr_FR","og_type":"article","og_title":"R\u00e9forme de la franchise en base de TVA pour les micro-entrepreneurs -","og_description":"REFORME DE LA FRANCHISE EN BASE DE TVA POUR LES MICRO-ENTREPRENEURS La loi de finances pour 2025 introduit une r\u00e9forme majeure de la franchise en base de TVA.&nbsp; Cette mesure, &hellip; R\u00e9forme de la franchise en base de TVA pour les micro-entrepreneurs Lire la suite\u00a0\u00bb","og_url":"https:\/\/www.lyca-ec.fr\/?p=2036","article_published_time":"2025-03-28T14:48:06+00:00","article_modified_time":"2025-03-28T15:00:05+00:00","author":"Lyca Expertise &amp; Conseils","twitter_card":"summary_large_image","twitter_misc":{"\u00c9crit par":"Lyca Expertise &amp; Conseils","Dur\u00e9e de lecture estim\u00e9e":"2 minutes"},"schema":{"@context":"https:\/\/schema.org","@graph":[{"@type":"Article","@id":"https:\/\/www.lyca-ec.fr\/?p=2036#article","isPartOf":{"@id":"https:\/\/www.lyca-ec.fr\/?p=2036"},"author":{"name":"Lyca Expertise &amp; Conseils","@id":"https:\/\/www.lyca-ec.fr\/#\/schema\/person\/c6398f0529e9c0da5b9102d47656b7d7"},"headline":"R\u00e9forme de la franchise en base de TVA pour les micro-entrepreneurs","datePublished":"2025-03-28T14:48:06+00:00","dateModified":"2025-03-28T15:00:05+00:00","mainEntityOfPage":{"@id":"https:\/\/www.lyca-ec.fr\/?p=2036"},"wordCount":368,"commentCount":0,"publisher":{"@id":"https:\/\/www.lyca-ec.fr\/#organization"},"articleSection":["Actualit\u00e9s"],"inLanguage":"fr-FR","potentialAction":[{"@type":"CommentAction","name":"Comment","target":["https:\/\/www.lyca-ec.fr\/?p=2036#respond"]}]},{"@type":"WebPage","@id":"https:\/\/www.lyca-ec.fr\/?p=2036","url":"https:\/\/www.lyca-ec.fr\/?p=2036","name":"R\u00e9forme de la franchise en base de TVA pour les micro-entrepreneurs -","isPartOf":{"@id":"https:\/\/www.lyca-ec.fr\/#website"},"datePublished":"2025-03-28T14:48:06+00:00","dateModified":"2025-03-28T15:00:05+00:00","breadcrumb":{"@id":"https:\/\/www.lyca-ec.fr\/?p=2036#breadcrumb"},"inLanguage":"fr-FR","potentialAction":[{"@type":"ReadAction","target":["https:\/\/www.lyca-ec.fr\/?p=2036"]}]},{"@type":"BreadcrumbList","@id":"https:\/\/www.lyca-ec.fr\/?p=2036#breadcrumb","itemListElement":[{"@type":"ListItem","position":1,"name":"Accueil","item":"https:\/\/www.lyca-ec.fr\/"},{"@type":"ListItem","position":2,"name":"R\u00e9forme de la franchise en base de TVA pour les micro-entrepreneurs"}]},{"@type":"WebSite","@id":"https:\/\/www.lyca-ec.fr\/#website","url":"https:\/\/www.lyca-ec.fr\/","name":"LYCA Expertise & Conseils","description":"LYCA Expertise &amp; Conseils","publisher":{"@id":"https:\/\/www.lyca-ec.fr\/#organization"},"potentialAction":[{"@type":"SearchAction","target":{"@type":"EntryPoint","urlTemplate":"https:\/\/www.lyca-ec.fr\/?s={search_term_string}"},"query-input":"required name=search_term_string"}],"inLanguage":"fr-FR"},{"@type":"Organization","@id":"https:\/\/www.lyca-ec.fr\/#organization","name":"LYCA Expertise & Conseils","url":"https:\/\/www.lyca-ec.fr\/","logo":{"@type":"ImageObject","inLanguage":"fr-FR","@id":"https:\/\/www.lyca-ec.fr\/#\/schema\/logo\/image\/","url":"https:\/\/www.lyca-ec.fr\/wp-content\/uploads\/2022\/11\/cropped-cropped-Copie-de-Noir-et-Or-Cercle-Immobilier-Logo-2_prev_ui.png","contentUrl":"https:\/\/www.lyca-ec.fr\/wp-content\/uploads\/2022\/11\/cropped-cropped-Copie-de-Noir-et-Or-Cercle-Immobilier-Logo-2_prev_ui.png","width":305,"height":300,"caption":"LYCA Expertise & Conseils"},"image":{"@id":"https:\/\/www.lyca-ec.fr\/#\/schema\/logo\/image\/"},"sameAs":["https:\/\/www.linkedin.com\/company\/lyca-expertise-conseils"]},{"@type":"Person","@id":"https:\/\/www.lyca-ec.fr\/#\/schema\/person\/c6398f0529e9c0da5b9102d47656b7d7","name":"Lyca Expertise &amp; Conseils","image":{"@type":"ImageObject","inLanguage":"fr-FR","@id":"https:\/\/www.lyca-ec.fr\/#\/schema\/person\/image\/","url":"https:\/\/secure.gravatar.com\/avatar\/61e1b03b65f73e0bc872340b60347a6b664ecaab6410d9f0763e9e9b16081d08?s=96&d=mm&r=g","contentUrl":"https:\/\/secure.gravatar.com\/avatar\/61e1b03b65f73e0bc872340b60347a6b664ecaab6410d9f0763e9e9b16081d08?s=96&d=mm&r=g","caption":"Lyca Expertise &amp; Conseils"},"sameAs":["http:\/\/www.lyca-ec.fr"],"url":"https:\/\/www.lyca-ec.fr\/?author=1"}]}},"_links":{"self":[{"href":"https:\/\/www.lyca-ec.fr\/index.php?rest_route=\/wp\/v2\/posts\/2036","targetHints":{"allow":["GET"]}}],"collection":[{"href":"https:\/\/www.lyca-ec.fr\/index.php?rest_route=\/wp\/v2\/posts"}],"about":[{"href":"https:\/\/www.lyca-ec.fr\/index.php?rest_route=\/wp\/v2\/types\/post"}],"author":[{"embeddable":true,"href":"https:\/\/www.lyca-ec.fr\/index.php?rest_route=\/wp\/v2\/users\/1"}],"replies":[{"embeddable":true,"href":"https:\/\/www.lyca-ec.fr\/index.php?rest_route=%2Fwp%2Fv2%2Fcomments&post=2036"}],"version-history":[{"count":9,"href":"https:\/\/www.lyca-ec.fr\/index.php?rest_route=\/wp\/v2\/posts\/2036\/revisions"}],"predecessor-version":[{"id":2045,"href":"https:\/\/www.lyca-ec.fr\/index.php?rest_route=\/wp\/v2\/posts\/2036\/revisions\/2045"}],"wp:attachment":[{"href":"https:\/\/www.lyca-ec.fr\/index.php?rest_route=%2Fwp%2Fv2%2Fmedia&parent=2036"}],"wp:term":[{"taxonomy":"category","embeddable":true,"href":"https:\/\/www.lyca-ec.fr\/index.php?rest_route=%2Fwp%2Fv2%2Fcategories&post=2036"},{"taxonomy":"post_tag","embeddable":true,"href":"https:\/\/www.lyca-ec.fr\/index.php?rest_route=%2Fwp%2Fv2%2Ftags&post=2036"}],"curies":[{"name":"wp","href":"https:\/\/api.w.org\/{rel}","templated":true}]}}