{"id":2082,"date":"2025-09-24T12:11:02","date_gmt":"2025-09-24T10:11:02","guid":{"rendered":"https:\/\/www.lyca-ec.fr\/?p=2082"},"modified":"2025-09-24T18:28:49","modified_gmt":"2025-09-24T16:28:49","slug":"elementor-2082","status":"publish","type":"post","link":"https:\/\/www.lyca-ec.fr\/?p=2082","title":{"rendered":"Contexte et enjeux de la facturation \u00e9lectronique"},"content":{"rendered":"\t\t<div data-elementor-type=\"wp-post\" data-elementor-id=\"2082\" class=\"elementor elementor-2082\">\n\t\t\t\t\t\t\t\t\t<section class=\"elementor-section elementor-top-section elementor-element elementor-element-f58219e elementor-section-boxed elementor-section-height-default elementor-section-height-default\" data-id=\"f58219e\" data-element_type=\"section\">\n\t\t\t\t\t\t<div class=\"elementor-container elementor-column-gap-default\">\n\t\t\t\t\t<div class=\"elementor-column elementor-col-100 elementor-top-column elementor-element elementor-element-8d65885\" data-id=\"8d65885\" data-element_type=\"column\">\n\t\t\t<div class=\"elementor-widget-wrap elementor-element-populated\">\n\t\t\t\t\t\t\t\t<div class=\"elementor-element elementor-element-841774e elementor-widget elementor-widget-heading\" data-id=\"841774e\" data-element_type=\"widget\" data-widget_type=\"heading.default\">\n\t\t\t\t<div class=\"elementor-widget-container\">\n\t\t\t<style>\/*! elementor - v3.18.0 - 20-12-2023 *\/\n.elementor-heading-title{padding:0;margin:0;line-height:1}.elementor-widget-heading .elementor-heading-title[class*=elementor-size-]>a{color:inherit;font-size:inherit;line-height:inherit}.elementor-widget-heading .elementor-heading-title.elementor-size-small{font-size:15px}.elementor-widget-heading .elementor-heading-title.elementor-size-medium{font-size:19px}.elementor-widget-heading .elementor-heading-title.elementor-size-large{font-size:29px}.elementor-widget-heading .elementor-heading-title.elementor-size-xl{font-size:39px}.elementor-widget-heading .elementor-heading-title.elementor-size-xxl{font-size:59px}<\/style><h2 class=\"elementor-heading-title elementor-size-default\">Le contexte de la facturation \u00e9lectronique (vid\u00e9o 1)<br><span style=\"color: rgb(74, 74, 74); font-family: MarkPro, sans-serif; font-size: 14px; white-space-collapse: collapse; background-color: rgb(246, 246, 246);\">D\u00e8s le 1er septembre 2026, toutes les entreprises fran\u00e7aises assujetties \u00e0 la TVA devront \u00eatre en mesure de recevoir des factures \u00e9lectroniques et en fonction de leur taille et activit\u00e9, elles auront l\u2019obligation d\u2019en \u00e9mettre entre le 1er septembre 2026 et le 1er septembre 2027. D\u00e9couvrez dans cette vid\u00e9o les objectifs et le calendrier de la r\u00e9forme, ses principes, ses obligations et qui est concern\u00e9.<\/span><\/h2>\t\t<\/div>\n\t\t\t\t<\/div>\n\t\t\t\t\t<\/div>\n\t\t<\/div>\n\t\t\t\t\t\t\t<\/div>\n\t\t<\/section>\n\t\t\t\t<section class=\"elementor-section elementor-top-section elementor-element elementor-element-940e0a8 elementor-section-boxed elementor-section-height-default elementor-section-height-default\" data-id=\"940e0a8\" data-element_type=\"section\">\n\t\t\t\t\t\t<div class=\"elementor-container elementor-column-gap-default\">\n\t\t\t\t\t<div class=\"elementor-column elementor-col-100 elementor-top-column elementor-element elementor-element-1eb5124\" data-id=\"1eb5124\" data-element_type=\"column\">\n\t\t\t<div class=\"elementor-widget-wrap elementor-element-populated\">\n\t\t\t\t\t\t\t\t<div class=\"elementor-element elementor-element-cb3fc7b elementor-widget elementor-widget-video\" data-id=\"cb3fc7b\" data-element_type=\"widget\" data-settings=\"{&quot;video_type&quot;:&quot;hosted&quot;,&quot;controls&quot;:&quot;yes&quot;}\" data-widget_type=\"video.default\">\n\t\t\t\t<div class=\"elementor-widget-container\">\n\t\t\t<style>\/*! elementor - v3.18.0 - 20-12-2023 *\/\n.elementor-widget-video .elementor-widget-container{overflow:hidden;transform:translateZ(0)}.elementor-widget-video .elementor-wrapper{aspect-ratio:var(--video-aspect-ratio)}.elementor-widget-video .elementor-wrapper iframe,.elementor-widget-video .elementor-wrapper video{height:100%;width:100%;display:flex;border:none;background-color:#000}@supports not (aspect-ratio:1\/1){.elementor-widget-video .elementor-wrapper{position:relative;overflow:hidden;height:0;padding-bottom:calc(100% \/ var(--video-aspect-ratio))}.elementor-widget-video .elementor-wrapper iframe,.elementor-widget-video .elementor-wrapper video{position:absolute;top:0;right:0;bottom:0;left:0}}.elementor-widget-video .elementor-open-inline .elementor-custom-embed-image-overlay{position:absolute;top:0;right:0;bottom:0;left:0;background-size:cover;background-position:50%}.elementor-widget-video .elementor-custom-embed-image-overlay{cursor:pointer;text-align:center}.elementor-widget-video .elementor-custom-embed-image-overlay:hover .elementor-custom-embed-play i{opacity:1}.elementor-widget-video .elementor-custom-embed-image-overlay img{display:block;width:100%;aspect-ratio:var(--video-aspect-ratio);-o-object-fit:cover;object-fit:cover;-o-object-position:center center;object-position:center center}@supports not (aspect-ratio:1\/1){.elementor-widget-video .elementor-custom-embed-image-overlay{position:relative;overflow:hidden;height:0;padding-bottom:calc(100% \/ var(--video-aspect-ratio))}.elementor-widget-video .elementor-custom-embed-image-overlay img{position:absolute;top:0;right:0;bottom:0;left:0}}.elementor-widget-video .e-hosted-video .elementor-video{-o-object-fit:cover;object-fit:cover}.e-con-inner>.elementor-widget-video,.e-con>.elementor-widget-video{width:var(--container-widget-width);--flex-grow:var(--container-widget-flex-grow)}<\/style>\t\t<div class=\"e-hosted-video elementor-wrapper elementor-open-inline\">\n\t\t\t\t\t<video class=\"elementor-video\" src=\"https:\/\/www.lyca-ec.fr\/wp-content\/uploads\/2025\/09\/S1_V1_Le_contexte_de_la_facturation_e\u2560ulectronique-1080p.mp4\" controls=\"\" preload=\"metadata\" controlsList=\"nodownload\" poster=\"https:\/\/www.lyca-ec.fr\/wp-content\/uploads\/2025\/09\/Capture-decran-2025-09-24-175221.png\"><\/video>\n\t\t\t\t<\/div>\n\t\t\t\t<\/div>\n\t\t\t\t<\/div>\n\t\t\t\t\t<\/div>\n\t\t<\/div>\n\t\t\t\t\t\t\t<\/div>\n\t\t<\/section>\n\t\t\t\t<section class=\"elementor-section elementor-top-section elementor-element elementor-element-0c717a4 elementor-section-boxed elementor-section-height-default elementor-section-height-default\" data-id=\"0c717a4\" data-element_type=\"section\">\n\t\t\t\t\t\t<div class=\"elementor-container elementor-column-gap-default\">\n\t\t\t\t\t<div class=\"elementor-column elementor-col-100 elementor-top-column elementor-element elementor-element-0381c34\" data-id=\"0381c34\" data-element_type=\"column\">\n\t\t\t<div class=\"elementor-widget-wrap\">\n\t\t\t\t\t\t\t\t\t<\/div>\n\t\t<\/div>\n\t\t\t\t\t\t\t<\/div>\n\t\t<\/section>\n\t\t\t\t<section class=\"elementor-section elementor-top-section elementor-element elementor-element-5173cb3 elementor-section-boxed elementor-section-height-default elementor-section-height-default\" data-id=\"5173cb3\" data-element_type=\"section\">\n\t\t\t\t\t\t<div class=\"elementor-container elementor-column-gap-default\">\n\t\t\t\t\t<div class=\"elementor-column elementor-col-100 elementor-top-column elementor-element elementor-element-49973a7\" data-id=\"49973a7\" data-element_type=\"column\">\n\t\t\t<div class=\"elementor-widget-wrap elementor-element-populated\">\n\t\t\t\t\t\t\t\t<div class=\"elementor-element elementor-element-e91ffdf elementor-widget elementor-widget-heading\" data-id=\"e91ffdf\" data-element_type=\"widget\" data-widget_type=\"heading.default\">\n\t\t\t\t<div class=\"elementor-widget-container\">\n\t\t\t<h2 class=\"elementor-heading-title elementor-size-default\">Un enjeux international (vid\u00e9o 2)<br><span style=\"color: rgb(74, 74, 74); font-family: MarkPro, sans-serif; font-size: 14px; white-space-collapse: collapse; background-color: rgb(246, 246, 246);\">La facturation \u00e9lectronique s\u2019inscrit dans une d\u00e9marche mondiale qui n\u2019a pas \u00e9t\u00e9 initi\u00e9e en Europe. Cette vid\u00e9o retrace l\u2019historique de la facturation \u00e9lectronique et pr\u00e9sente les diff\u00e9rents formats adopt\u00e9s en fonction des pays avec un focus sur le syst\u00e8me choisi par la France.<\/span><\/h2>\t\t<\/div>\n\t\t\t\t<\/div>\n\t\t\t\t<div class=\"elementor-element elementor-element-7cc38c8 elementor-widget elementor-widget-video\" data-id=\"7cc38c8\" data-element_type=\"widget\" data-settings=\"{&quot;video_type&quot;:&quot;hosted&quot;,&quot;controls&quot;:&quot;yes&quot;}\" data-widget_type=\"video.default\">\n\t\t\t\t<div class=\"elementor-widget-container\">\n\t\t\t\t\t<div class=\"e-hosted-video elementor-wrapper elementor-open-inline\">\n\t\t\t\t\t<video class=\"elementor-video\" src=\"https:\/\/www.lyca-ec.fr\/wp-content\/uploads\/2025\/09\/S1_V2_Un_enjeu_international-1080p.mp4\" controls=\"\" preload=\"metadata\" controlsList=\"nodownload\" poster=\"https:\/\/www.lyca-ec.fr\/wp-content\/uploads\/2025\/09\/Capture-decran-2025-09-24-175342.png\"><\/video>\n\t\t\t\t<\/div>\n\t\t\t\t<\/div>\n\t\t\t\t<\/div>\n\t\t\t\t\t<\/div>\n\t\t<\/div>\n\t\t\t\t\t\t\t<\/div>\n\t\t<\/section>\n\t\t\t\t<section class=\"elementor-section elementor-top-section elementor-element elementor-element-2b16bd8 elementor-section-boxed elementor-section-height-default elementor-section-height-default\" data-id=\"2b16bd8\" data-element_type=\"section\">\n\t\t\t\t\t\t<div class=\"elementor-container elementor-column-gap-default\">\n\t\t\t\t\t<div class=\"elementor-column elementor-col-100 elementor-top-column elementor-element elementor-element-14fa1ee\" data-id=\"14fa1ee\" data-element_type=\"column\">\n\t\t\t<div class=\"elementor-widget-wrap elementor-element-populated\">\n\t\t\t\t\t\t\t\t<div class=\"elementor-element elementor-element-0da7149 elementor-widget elementor-widget-heading\" data-id=\"0da7149\" data-element_type=\"widget\" data-widget_type=\"heading.default\">\n\t\t\t\t<div class=\"elementor-widget-container\">\n\t\t\t<h2 class=\"elementor-heading-title elementor-size-default\">Les enjeux pour les experts-comptables et les entreprises (vid\u00e9o 3)<br><span style=\"color: rgb(74, 74, 74); font-family: MarkPro, sans-serif; font-size: 14px; white-space-collapse: collapse; background-color: rgb(246, 246, 246);\">Cette vid\u00e9o d\u00e9crit les principaux enjeux et avantages de la facturation \u00e9lectronique, qu\u2019ils concernent les experts-comptables ou les entreprises Au-del\u00e0 des contraintes impos\u00e9es par cette r\u00e9forme, elle aborde \u00e9galement les opportunit\u00e9s pour les experts-comptables et pour les entreprises.<\/span><\/h2>\t\t<\/div>\n\t\t\t\t<\/div>\n\t\t\t\t<div class=\"elementor-element elementor-element-4202046 elementor-widget elementor-widget-video\" data-id=\"4202046\" data-element_type=\"widget\" data-settings=\"{&quot;video_type&quot;:&quot;hosted&quot;,&quot;controls&quot;:&quot;yes&quot;}\" data-widget_type=\"video.default\">\n\t\t\t\t<div class=\"elementor-widget-container\">\n\t\t\t\t\t<div class=\"e-hosted-video elementor-wrapper elementor-open-inline\">\n\t\t\t\t\t<video class=\"elementor-video\" src=\"https:\/\/www.lyca-ec.fr\/wp-content\/uploads\/2025\/09\/S1_V3_Les_enjeux_pour_les_experts-comptables_et_les_entreprises-1080p.mp4\" controls=\"\" preload=\"metadata\" controlsList=\"nodownload\" poster=\"https:\/\/www.lyca-ec.fr\/wp-content\/uploads\/2025\/09\/Capture-decran-2025-09-24-175416.png\"><\/video>\n\t\t\t\t<\/div>\n\t\t\t\t<\/div>\n\t\t\t\t<\/div>\n\t\t\t\t\t<\/div>\n\t\t<\/div>\n\t\t\t\t\t\t\t<\/div>\n\t\t<\/section>\n\t\t\t\t\t\t\t<\/div>\n\t\t","protected":false},"excerpt":{"rendered":"<p>Le contexte de la facturation \u00e9lectronique (vid\u00e9o 1)D\u00e8s le 1er septembre 2026, toutes les entreprises fran\u00e7aises assujetties \u00e0 la TVA devront \u00eatre en mesure de recevoir des factures \u00e9lectroniques et &hellip;<\/p>\n<p class=\"read-more\"> <a class=\"\" href=\"https:\/\/www.lyca-ec.fr\/?p=2082\"> <span class=\"screen-reader-text\">Contexte et enjeux de la facturation \u00e9lectronique<\/span> Lire la suite\u00a0\u00bb<\/a><\/p>\n","protected":false},"author":1,"featured_media":0,"comment_status":"open","ping_status":"open","sticky":false,"template":"","format":"standard","meta":{"site-sidebar-layout":"default","site-content-layout":"default","ast-global-header-display":"","ast-main-header-display":"","ast-hfb-above-header-display":"","ast-hfb-below-header-display":"","ast-hfb-mobile-header-display":"","site-post-title":"","ast-breadcrumbs-content":"","ast-featured-img":"","footer-sml-layout":"","theme-transparent-header-meta":"","adv-header-id-meta":"","stick-header-meta":"","header-above-stick-meta":"","header-main-stick-meta":"","header-below-stick-meta":"","_price":"","_stock":"","_tribe_ticket_header":"","_tribe_default_ticket_provider":"","_tribe_ticket_capacity":"0","_ticket_start_date":"","_ticket_end_date":"","_tribe_ticket_show_description":"","_tribe_ticket_show_not_going":false,"_tribe_ticket_use_global_stock":"","_tribe_ticket_global_stock_level":"","_global_stock_mode":"","_global_stock_cap":"","_tribe_rsvp_for_event":"","_tribe_ticket_going_count":"","_tribe_ticket_not_going_count":"","_tribe_tickets_list":"[]","_tribe_ticket_has_attendee_info_fields":false,"footnotes":""},"categories":[1],"tags":[],"class_list":["post-2082","post","type-post","status-publish","format-standard","hentry","category-lyca-expertise-conseils"],"yoast_head":"<!-- This site is optimized with the Yoast SEO plugin v21.9.1 - https:\/\/yoast.com\/wordpress\/plugins\/seo\/ -->\n<title>Contexte et enjeux de la facturation \u00e9lectronique -<\/title>\n<meta name=\"robots\" content=\"index, follow, max-snippet:-1, max-image-preview:large, max-video-preview:-1\" \/>\n<link rel=\"canonical\" href=\"https:\/\/www.lyca-ec.fr\/?p=2082\" \/>\n<meta property=\"og:locale\" content=\"fr_FR\" \/>\n<meta property=\"og:type\" content=\"article\" \/>\n<meta property=\"og:title\" content=\"Contexte et enjeux de la facturation \u00e9lectronique -\" \/>\n<meta property=\"og:description\" content=\"Le contexte de la facturation \u00e9lectronique (vid\u00e9o 1)D\u00e8s le 1er septembre 2026, toutes les entreprises fran\u00e7aises assujetties \u00e0 la TVA devront \u00eatre en mesure de recevoir des factures \u00e9lectroniques et &hellip; Contexte et enjeux de la facturation \u00e9lectronique Lire la suite\u00a0\u00bb\" \/>\n<meta property=\"og:url\" content=\"https:\/\/www.lyca-ec.fr\/?p=2082\" \/>\n<meta property=\"article:published_time\" content=\"2025-09-24T10:11:02+00:00\" \/>\n<meta property=\"article:modified_time\" content=\"2025-09-24T16:28:49+00:00\" \/>\n<meta name=\"author\" content=\"Lyca Expertise &amp; Conseils\" \/>\n<meta name=\"twitter:card\" content=\"summary_large_image\" \/>\n<meta name=\"twitter:label1\" content=\"\u00c9crit par\" \/>\n\t<meta name=\"twitter:data1\" content=\"Lyca Expertise &amp; Conseils\" \/>\n\t<meta name=\"twitter:label2\" content=\"Dur\u00e9e de lecture estim\u00e9e\" \/>\n\t<meta name=\"twitter:data2\" content=\"1 minute\" \/>\n<script type=\"application\/ld+json\" class=\"yoast-schema-graph\">{\"@context\":\"https:\/\/schema.org\",\"@graph\":[{\"@type\":\"Article\",\"@id\":\"https:\/\/www.lyca-ec.fr\/?p=2082#article\",\"isPartOf\":{\"@id\":\"https:\/\/www.lyca-ec.fr\/?p=2082\"},\"author\":{\"name\":\"Lyca Expertise &amp; Conseils\",\"@id\":\"https:\/\/www.lyca-ec.fr\/#\/schema\/person\/c6398f0529e9c0da5b9102d47656b7d7\"},\"headline\":\"Contexte et enjeux de la facturation \u00e9lectronique\",\"datePublished\":\"2025-09-24T10:11:02+00:00\",\"dateModified\":\"2025-09-24T16:28:49+00:00\",\"mainEntityOfPage\":{\"@id\":\"https:\/\/www.lyca-ec.fr\/?p=2082\"},\"wordCount\":243,\"commentCount\":0,\"publisher\":{\"@id\":\"https:\/\/www.lyca-ec.fr\/#organization\"},\"articleSection\":[\"Actualit\u00e9s\"],\"inLanguage\":\"fr-FR\",\"potentialAction\":[{\"@type\":\"CommentAction\",\"name\":\"Comment\",\"target\":[\"https:\/\/www.lyca-ec.fr\/?p=2082#respond\"]}]},{\"@type\":\"WebPage\",\"@id\":\"https:\/\/www.lyca-ec.fr\/?p=2082\",\"url\":\"https:\/\/www.lyca-ec.fr\/?p=2082\",\"name\":\"Contexte et enjeux de la facturation \u00e9lectronique -\",\"isPartOf\":{\"@id\":\"https:\/\/www.lyca-ec.fr\/#website\"},\"datePublished\":\"2025-09-24T10:11:02+00:00\",\"dateModified\":\"2025-09-24T16:28:49+00:00\",\"breadcrumb\":{\"@id\":\"https:\/\/www.lyca-ec.fr\/?p=2082#breadcrumb\"},\"inLanguage\":\"fr-FR\",\"potentialAction\":[{\"@type\":\"ReadAction\",\"target\":[\"https:\/\/www.lyca-ec.fr\/?p=2082\"]}]},{\"@type\":\"BreadcrumbList\",\"@id\":\"https:\/\/www.lyca-ec.fr\/?p=2082#breadcrumb\",\"itemListElement\":[{\"@type\":\"ListItem\",\"position\":1,\"name\":\"Accueil\",\"item\":\"https:\/\/www.lyca-ec.fr\/\"},{\"@type\":\"ListItem\",\"position\":2,\"name\":\"Contexte et enjeux de la facturation \u00e9lectronique\"}]},{\"@type\":\"WebSite\",\"@id\":\"https:\/\/www.lyca-ec.fr\/#website\",\"url\":\"https:\/\/www.lyca-ec.fr\/\",\"name\":\"LYCA Expertise & Conseils\",\"description\":\"LYCA Expertise &amp; Conseils\",\"publisher\":{\"@id\":\"https:\/\/www.lyca-ec.fr\/#organization\"},\"potentialAction\":[{\"@type\":\"SearchAction\",\"target\":{\"@type\":\"EntryPoint\",\"urlTemplate\":\"https:\/\/www.lyca-ec.fr\/?s={search_term_string}\"},\"query-input\":\"required name=search_term_string\"}],\"inLanguage\":\"fr-FR\"},{\"@type\":\"Organization\",\"@id\":\"https:\/\/www.lyca-ec.fr\/#organization\",\"name\":\"LYCA Expertise & Conseils\",\"url\":\"https:\/\/www.lyca-ec.fr\/\",\"logo\":{\"@type\":\"ImageObject\",\"inLanguage\":\"fr-FR\",\"@id\":\"https:\/\/www.lyca-ec.fr\/#\/schema\/logo\/image\/\",\"url\":\"https:\/\/www.lyca-ec.fr\/wp-content\/uploads\/2022\/11\/cropped-cropped-Copie-de-Noir-et-Or-Cercle-Immobilier-Logo-2_prev_ui.png\",\"contentUrl\":\"https:\/\/www.lyca-ec.fr\/wp-content\/uploads\/2022\/11\/cropped-cropped-Copie-de-Noir-et-Or-Cercle-Immobilier-Logo-2_prev_ui.png\",\"width\":305,\"height\":300,\"caption\":\"LYCA Expertise & Conseils\"},\"image\":{\"@id\":\"https:\/\/www.lyca-ec.fr\/#\/schema\/logo\/image\/\"},\"sameAs\":[\"https:\/\/www.linkedin.com\/company\/lyca-expertise-conseils\"]},{\"@type\":\"Person\",\"@id\":\"https:\/\/www.lyca-ec.fr\/#\/schema\/person\/c6398f0529e9c0da5b9102d47656b7d7\",\"name\":\"Lyca Expertise &amp; Conseils\",\"image\":{\"@type\":\"ImageObject\",\"inLanguage\":\"fr-FR\",\"@id\":\"https:\/\/www.lyca-ec.fr\/#\/schema\/person\/image\/\",\"url\":\"https:\/\/secure.gravatar.com\/avatar\/61e1b03b65f73e0bc872340b60347a6b664ecaab6410d9f0763e9e9b16081d08?s=96&d=mm&r=g\",\"contentUrl\":\"https:\/\/secure.gravatar.com\/avatar\/61e1b03b65f73e0bc872340b60347a6b664ecaab6410d9f0763e9e9b16081d08?s=96&d=mm&r=g\",\"caption\":\"Lyca Expertise &amp; Conseils\"},\"sameAs\":[\"http:\/\/www.lyca-ec.fr\"],\"url\":\"https:\/\/www.lyca-ec.fr\/?author=1\"}]}<\/script>\n<!-- \/ Yoast SEO plugin. -->","yoast_head_json":{"title":"Contexte et enjeux de la facturation \u00e9lectronique -","robots":{"index":"index","follow":"follow","max-snippet":"max-snippet:-1","max-image-preview":"max-image-preview:large","max-video-preview":"max-video-preview:-1"},"canonical":"https:\/\/www.lyca-ec.fr\/?p=2082","og_locale":"fr_FR","og_type":"article","og_title":"Contexte et enjeux de la facturation \u00e9lectronique -","og_description":"Le contexte de la facturation \u00e9lectronique (vid\u00e9o 1)D\u00e8s le 1er septembre 2026, toutes les entreprises fran\u00e7aises assujetties \u00e0 la TVA devront \u00eatre en mesure de recevoir des factures \u00e9lectroniques et &hellip; Contexte et enjeux de la facturation \u00e9lectronique Lire la suite\u00a0\u00bb","og_url":"https:\/\/www.lyca-ec.fr\/?p=2082","article_published_time":"2025-09-24T10:11:02+00:00","article_modified_time":"2025-09-24T16:28:49+00:00","author":"Lyca Expertise &amp; Conseils","twitter_card":"summary_large_image","twitter_misc":{"\u00c9crit par":"Lyca Expertise &amp; Conseils","Dur\u00e9e de lecture estim\u00e9e":"1 minute"},"schema":{"@context":"https:\/\/schema.org","@graph":[{"@type":"Article","@id":"https:\/\/www.lyca-ec.fr\/?p=2082#article","isPartOf":{"@id":"https:\/\/www.lyca-ec.fr\/?p=2082"},"author":{"name":"Lyca Expertise &amp; Conseils","@id":"https:\/\/www.lyca-ec.fr\/#\/schema\/person\/c6398f0529e9c0da5b9102d47656b7d7"},"headline":"Contexte et enjeux de la facturation \u00e9lectronique","datePublished":"2025-09-24T10:11:02+00:00","dateModified":"2025-09-24T16:28:49+00:00","mainEntityOfPage":{"@id":"https:\/\/www.lyca-ec.fr\/?p=2082"},"wordCount":243,"commentCount":0,"publisher":{"@id":"https:\/\/www.lyca-ec.fr\/#organization"},"articleSection":["Actualit\u00e9s"],"inLanguage":"fr-FR","potentialAction":[{"@type":"CommentAction","name":"Comment","target":["https:\/\/www.lyca-ec.fr\/?p=2082#respond"]}]},{"@type":"WebPage","@id":"https:\/\/www.lyca-ec.fr\/?p=2082","url":"https:\/\/www.lyca-ec.fr\/?p=2082","name":"Contexte et enjeux de la facturation \u00e9lectronique -","isPartOf":{"@id":"https:\/\/www.lyca-ec.fr\/#website"},"datePublished":"2025-09-24T10:11:02+00:00","dateModified":"2025-09-24T16:28:49+00:00","breadcrumb":{"@id":"https:\/\/www.lyca-ec.fr\/?p=2082#breadcrumb"},"inLanguage":"fr-FR","potentialAction":[{"@type":"ReadAction","target":["https:\/\/www.lyca-ec.fr\/?p=2082"]}]},{"@type":"BreadcrumbList","@id":"https:\/\/www.lyca-ec.fr\/?p=2082#breadcrumb","itemListElement":[{"@type":"ListItem","position":1,"name":"Accueil","item":"https:\/\/www.lyca-ec.fr\/"},{"@type":"ListItem","position":2,"name":"Contexte et enjeux de la facturation \u00e9lectronique"}]},{"@type":"WebSite","@id":"https:\/\/www.lyca-ec.fr\/#website","url":"https:\/\/www.lyca-ec.fr\/","name":"LYCA Expertise & Conseils","description":"LYCA Expertise &amp; Conseils","publisher":{"@id":"https:\/\/www.lyca-ec.fr\/#organization"},"potentialAction":[{"@type":"SearchAction","target":{"@type":"EntryPoint","urlTemplate":"https:\/\/www.lyca-ec.fr\/?s={search_term_string}"},"query-input":"required name=search_term_string"}],"inLanguage":"fr-FR"},{"@type":"Organization","@id":"https:\/\/www.lyca-ec.fr\/#organization","name":"LYCA Expertise & Conseils","url":"https:\/\/www.lyca-ec.fr\/","logo":{"@type":"ImageObject","inLanguage":"fr-FR","@id":"https:\/\/www.lyca-ec.fr\/#\/schema\/logo\/image\/","url":"https:\/\/www.lyca-ec.fr\/wp-content\/uploads\/2022\/11\/cropped-cropped-Copie-de-Noir-et-Or-Cercle-Immobilier-Logo-2_prev_ui.png","contentUrl":"https:\/\/www.lyca-ec.fr\/wp-content\/uploads\/2022\/11\/cropped-cropped-Copie-de-Noir-et-Or-Cercle-Immobilier-Logo-2_prev_ui.png","width":305,"height":300,"caption":"LYCA Expertise & Conseils"},"image":{"@id":"https:\/\/www.lyca-ec.fr\/#\/schema\/logo\/image\/"},"sameAs":["https:\/\/www.linkedin.com\/company\/lyca-expertise-conseils"]},{"@type":"Person","@id":"https:\/\/www.lyca-ec.fr\/#\/schema\/person\/c6398f0529e9c0da5b9102d47656b7d7","name":"Lyca Expertise &amp; Conseils","image":{"@type":"ImageObject","inLanguage":"fr-FR","@id":"https:\/\/www.lyca-ec.fr\/#\/schema\/person\/image\/","url":"https:\/\/secure.gravatar.com\/avatar\/61e1b03b65f73e0bc872340b60347a6b664ecaab6410d9f0763e9e9b16081d08?s=96&d=mm&r=g","contentUrl":"https:\/\/secure.gravatar.com\/avatar\/61e1b03b65f73e0bc872340b60347a6b664ecaab6410d9f0763e9e9b16081d08?s=96&d=mm&r=g","caption":"Lyca Expertise &amp; Conseils"},"sameAs":["http:\/\/www.lyca-ec.fr"],"url":"https:\/\/www.lyca-ec.fr\/?author=1"}]}},"_links":{"self":[{"href":"https:\/\/www.lyca-ec.fr\/index.php?rest_route=\/wp\/v2\/posts\/2082","targetHints":{"allow":["GET"]}}],"collection":[{"href":"https:\/\/www.lyca-ec.fr\/index.php?rest_route=\/wp\/v2\/posts"}],"about":[{"href":"https:\/\/www.lyca-ec.fr\/index.php?rest_route=\/wp\/v2\/types\/post"}],"author":[{"embeddable":true,"href":"https:\/\/www.lyca-ec.fr\/index.php?rest_route=\/wp\/v2\/users\/1"}],"replies":[{"embeddable":true,"href":"https:\/\/www.lyca-ec.fr\/index.php?rest_route=%2Fwp%2Fv2%2Fcomments&post=2082"}],"version-history":[{"count":23,"href":"https:\/\/www.lyca-ec.fr\/index.php?rest_route=\/wp\/v2\/posts\/2082\/revisions"}],"predecessor-version":[{"id":2117,"href":"https:\/\/www.lyca-ec.fr\/index.php?rest_route=\/wp\/v2\/posts\/2082\/revisions\/2117"}],"wp:attachment":[{"href":"https:\/\/www.lyca-ec.fr\/index.php?rest_route=%2Fwp%2Fv2%2Fmedia&parent=2082"}],"wp:term":[{"taxonomy":"category","embeddable":true,"href":"https:\/\/www.lyca-ec.fr\/index.php?rest_route=%2Fwp%2Fv2%2Fcategories&post=2082"},{"taxonomy":"post_tag","embeddable":true,"href":"https:\/\/www.lyca-ec.fr\/index.php?rest_route=%2Fwp%2Fv2%2Ftags&post=2082"}],"curies":[{"name":"wp","href":"https:\/\/api.w.org\/{rel}","templated":true}]}}