{"id":2120,"date":"2025-10-06T15:58:12","date_gmt":"2025-10-06T13:58:12","guid":{"rendered":"https:\/\/www.lyca-ec.fr\/?p=2120"},"modified":"2025-10-06T16:12:06","modified_gmt":"2025-10-06T14:12:06","slug":"facturation-electronique-et-transmission-obligatoire-des-donnees-de-transaction","status":"publish","type":"post","link":"https:\/\/www.lyca-ec.fr\/?p=2120","title":{"rendered":"Facturation \u00e9lectronique et transmission obligatoire des donn\u00e9es de transaction"},"content":{"rendered":"\t\t<div data-elementor-type=\"wp-post\" data-elementor-id=\"2120\" class=\"elementor elementor-2120\">\n\t\t\t\t\t\t\t\t\t<section class=\"elementor-section elementor-top-section elementor-element elementor-element-9fe4c0c elementor-section-boxed elementor-section-height-default elementor-section-height-default\" data-id=\"9fe4c0c\" data-element_type=\"section\">\n\t\t\t\t\t\t<div class=\"elementor-container elementor-column-gap-default\">\n\t\t\t\t\t<div class=\"elementor-column elementor-col-100 elementor-top-column elementor-element elementor-element-5237abc\" data-id=\"5237abc\" data-element_type=\"column\">\n\t\t\t<div class=\"elementor-widget-wrap elementor-element-populated\">\n\t\t\t\t\t\t\t\t<div class=\"elementor-element elementor-element-0376aef elementor-widget elementor-widget-heading\" data-id=\"0376aef\" data-element_type=\"widget\" data-widget_type=\"heading.default\">\n\t\t\t\t<div class=\"elementor-widget-container\">\n\t\t\t<style>\/*! elementor - v3.18.0 - 20-12-2023 *\/\n.elementor-heading-title{padding:0;margin:0;line-height:1}.elementor-widget-heading .elementor-heading-title[class*=elementor-size-]>a{color:inherit;font-size:inherit;line-height:inherit}.elementor-widget-heading .elementor-heading-title.elementor-size-small{font-size:15px}.elementor-widget-heading .elementor-heading-title.elementor-size-medium{font-size:19px}.elementor-widget-heading .elementor-heading-title.elementor-size-large{font-size:29px}.elementor-widget-heading .elementor-heading-title.elementor-size-xl{font-size:39px}.elementor-widget-heading .elementor-heading-title.elementor-size-xxl{font-size:59px}<\/style><h2 class=\"elementor-heading-title elementor-size-default\"><span class=\"x-unit-nb\" style=\"font-family: inherit; font-size: inherit; font-style: inherit; font-weight: inherit; letter-spacing: 1px; white-space-collapse: collapse; color: rgb(255, 43, 68); font-variant: inherit; font-stretch: inherit; line-height: 1.4em; font-optical-sizing: inherit; font-size-adjust: inherit; font-kerning: inherit; font-feature-settings: inherit; font-variation-settings: inherit;\">1<\/span><span style=\"background-color: rgb(246, 246, 246); color: rgb(80, 93, 104); font-family: MarkPro, sans-serif; font-size: 1.2em; letter-spacing: 1px; white-space-collapse: collapse;\">&nbsp;<\/span><span style=\"background-color: rgb(246, 246, 246); color: rgb(80, 93, 104); font-family: MarkPro, sans-serif; font-size: 1.2em; letter-spacing: 1px; white-space-collapse: collapse;\">| Les assujettis \u00e0 la facturation \u00e9lectronique<\/span><span style=\"background-color: rgb(246, 246, 246); color: rgb(80, 93, 104); font-family: MarkPro, sans-serif; font-size: 1.2em; letter-spacing: 1px; white-space-collapse: collapse;\">&nbsp;<\/span><span class=\"x-unit-time\" style=\"color: inherit; font-family: inherit; font-style: inherit; letter-spacing: 1px; white-space-collapse: collapse; font-variant: inherit; font-weight: 700; font-stretch: inherit; font-size: 0.8rem; line-height: 1.4em; font-optical-sizing: inherit; font-size-adjust: inherit; font-kerning: inherit; font-feature-settings: inherit; font-variation-settings: inherit;\">(1'12)<\/span><\/h2>\t\t<\/div>\n\t\t\t\t<\/div>\n\t\t\t\t<div class=\"elementor-element elementor-element-6d183cd elementor-widget elementor-widget-heading\" data-id=\"6d183cd\" data-element_type=\"widget\" data-widget_type=\"heading.default\">\n\t\t\t\t<div class=\"elementor-widget-container\">\n\t\t\t<h2 class=\"elementor-heading-title elementor-size-default\"><span style=\"color: rgb(74, 74, 74); font-family: MarkPro, sans-serif; font-size: 14px; white-space-collapse: collapse; background-color: rgb(246, 246, 246);\">En pr\u00e9ambule, nous vous recommandons de regarder cette courte vid\u00e9o sur les assujettis pour savoir qui est concern\u00e9 par la facturation \u00e9lectronique.<\/span><\/h2>\t\t<\/div>\n\t\t\t\t<\/div>\n\t\t\t\t\t<\/div>\n\t\t<\/div>\n\t\t\t\t\t\t\t<\/div>\n\t\t<\/section>\n\t\t\t\t<section class=\"elementor-section elementor-top-section elementor-element elementor-element-4491d29 elementor-section-boxed elementor-section-height-default elementor-section-height-default\" data-id=\"4491d29\" data-element_type=\"section\">\n\t\t\t\t\t\t<div class=\"elementor-container elementor-column-gap-default\">\n\t\t\t\t\t<div class=\"elementor-column elementor-col-100 elementor-top-column elementor-element elementor-element-8fa7646\" data-id=\"8fa7646\" data-element_type=\"column\">\n\t\t\t<div class=\"elementor-widget-wrap elementor-element-populated\">\n\t\t\t\t\t\t\t\t<div class=\"elementor-element elementor-element-7d762fd elementor-widget elementor-widget-video\" data-id=\"7d762fd\" data-element_type=\"widget\" data-settings=\"{&quot;video_type&quot;:&quot;hosted&quot;,&quot;controls&quot;:&quot;yes&quot;}\" data-widget_type=\"video.default\">\n\t\t\t\t<div class=\"elementor-widget-container\">\n\t\t\t<style>\/*! elementor - v3.18.0 - 20-12-2023 *\/\n.elementor-widget-video .elementor-widget-container{overflow:hidden;transform:translateZ(0)}.elementor-widget-video .elementor-wrapper{aspect-ratio:var(--video-aspect-ratio)}.elementor-widget-video .elementor-wrapper iframe,.elementor-widget-video .elementor-wrapper video{height:100%;width:100%;display:flex;border:none;background-color:#000}@supports not (aspect-ratio:1\/1){.elementor-widget-video .elementor-wrapper{position:relative;overflow:hidden;height:0;padding-bottom:calc(100% \/ var(--video-aspect-ratio))}.elementor-widget-video .elementor-wrapper iframe,.elementor-widget-video .elementor-wrapper video{position:absolute;top:0;right:0;bottom:0;left:0}}.elementor-widget-video .elementor-open-inline .elementor-custom-embed-image-overlay{position:absolute;top:0;right:0;bottom:0;left:0;background-size:cover;background-position:50%}.elementor-widget-video .elementor-custom-embed-image-overlay{cursor:pointer;text-align:center}.elementor-widget-video .elementor-custom-embed-image-overlay:hover .elementor-custom-embed-play i{opacity:1}.elementor-widget-video .elementor-custom-embed-image-overlay img{display:block;width:100%;aspect-ratio:var(--video-aspect-ratio);-o-object-fit:cover;object-fit:cover;-o-object-position:center center;object-position:center center}@supports not (aspect-ratio:1\/1){.elementor-widget-video .elementor-custom-embed-image-overlay{position:relative;overflow:hidden;height:0;padding-bottom:calc(100% \/ var(--video-aspect-ratio))}.elementor-widget-video .elementor-custom-embed-image-overlay img{position:absolute;top:0;right:0;bottom:0;left:0}}.elementor-widget-video .e-hosted-video .elementor-video{-o-object-fit:cover;object-fit:cover}.e-con-inner>.elementor-widget-video,.e-con>.elementor-widget-video{width:var(--container-widget-width);--flex-grow:var(--container-widget-flex-grow)}<\/style>\t\t<div class=\"e-hosted-video elementor-wrapper elementor-open-inline\">\n\t\t\t\t\t<video class=\"elementor-video\" src=\"https:\/\/www.lyca-ec.fr\/wp-content\/uploads\/2025\/10\/S2-Les-assujettis-a-la-facturation-electronique.mp4\" controls=\"\" preload=\"metadata\" controlsList=\"nodownload\"><\/video>\n\t\t\t\t<\/div>\n\t\t\t\t<\/div>\n\t\t\t\t<\/div>\n\t\t\t\t\t<\/div>\n\t\t<\/div>\n\t\t\t\t\t\t\t<\/div>\n\t\t<\/section>\n\t\t\t\t<section class=\"elementor-section elementor-top-section elementor-element elementor-element-7680041 elementor-section-boxed elementor-section-height-default elementor-section-height-default\" data-id=\"7680041\" data-element_type=\"section\">\n\t\t\t\t\t\t<div class=\"elementor-container elementor-column-gap-default\">\n\t\t\t\t\t<div class=\"elementor-column elementor-col-100 elementor-top-column elementor-element elementor-element-4b406d0\" data-id=\"4b406d0\" data-element_type=\"column\">\n\t\t\t<div class=\"elementor-widget-wrap elementor-element-populated\">\n\t\t\t\t\t\t\t\t<div class=\"elementor-element elementor-element-310ee67 elementor-widget elementor-widget-heading\" data-id=\"310ee67\" data-element_type=\"widget\" data-widget_type=\"heading.default\">\n\t\t\t\t<div class=\"elementor-widget-container\">\n\t\t\t<h2 class=\"elementor-heading-title elementor-size-default\"><span class=\"x-unit-nb\" style=\"font-family: inherit; font-size: inherit; font-style: inherit; font-weight: inherit; letter-spacing: 1px; white-space-collapse: collapse; color: rgb(255, 43, 68); font-variant: inherit; font-stretch: inherit; line-height: 1.4em; font-optical-sizing: inherit; font-size-adjust: inherit; font-kerning: inherit; font-feature-settings: inherit; font-variation-settings: inherit;\">2<\/span><span style=\"background-color: rgb(246, 246, 246); color: rgb(80, 93, 104); font-family: MarkPro, sans-serif; font-size: 1.2em; letter-spacing: 1px; white-space-collapse: collapse;\">&nbsp;<\/span><span style=\"background-color: rgb(246, 246, 246); color: rgb(80, 93, 104); font-family: MarkPro, sans-serif; font-size: 1.2em; letter-spacing: 1px; white-space-collapse: collapse;\">| De la facture libre \u00e0 la facturation \u00e9lectronique<\/span><span style=\"background-color: rgb(246, 246, 246); color: rgb(80, 93, 104); font-family: MarkPro, sans-serif; font-size: 1.2em; letter-spacing: 1px; white-space-collapse: collapse;\">&nbsp;<\/span><span class=\"x-unit-time\" style=\"color: inherit; font-family: inherit; font-style: inherit; letter-spacing: 1px; white-space-collapse: collapse; font-variant: inherit; font-weight: 700; font-stretch: inherit; font-size: 0.8rem; line-height: 1.4em; font-optical-sizing: inherit; font-size-adjust: inherit; font-kerning: inherit; font-feature-settings: inherit; font-variation-settings: inherit;\">(3'56)<\/span><br><span style=\"color: rgb(74, 74, 74); font-family: MarkPro, sans-serif; font-size: 14px; white-space-collapse: collapse; background-color: rgb(246, 246, 246);\">Selon le code g\u00e9n\u00e9ral des imp\u00f4ts, la facturation \u00e9lectronique est un r\u00e9gime d\u00e9rogatoire au droit commun. Cette vid\u00e9o explique ce qu\u2019englobe la facturation \u00e9lectronique et les obligations d\u00e9finis dans l\u2019article 289 bis du CGI. On y aborde les assujettis, le e-invoicing et le e-reporting.<\/span><\/h2>\t\t<\/div>\n\t\t\t\t<\/div>\n\t\t\t\t\t<\/div>\n\t\t<\/div>\n\t\t\t\t\t\t\t<\/div>\n\t\t<\/section>\n\t\t\t\t<section class=\"elementor-section elementor-top-section elementor-element elementor-element-c39765f elementor-section-boxed elementor-section-height-default elementor-section-height-default\" data-id=\"c39765f\" data-element_type=\"section\">\n\t\t\t\t\t\t<div class=\"elementor-container elementor-column-gap-default\">\n\t\t\t\t\t<div class=\"elementor-column elementor-col-100 elementor-top-column elementor-element elementor-element-211716a\" data-id=\"211716a\" data-element_type=\"column\">\n\t\t\t<div class=\"elementor-widget-wrap elementor-element-populated\">\n\t\t\t\t\t\t\t\t<div class=\"elementor-element elementor-element-eeccf7c elementor-widget elementor-widget-video\" data-id=\"eeccf7c\" data-element_type=\"widget\" data-settings=\"{&quot;video_type&quot;:&quot;hosted&quot;,&quot;controls&quot;:&quot;yes&quot;}\" data-widget_type=\"video.default\">\n\t\t\t\t<div class=\"elementor-widget-container\">\n\t\t\t\t\t<div class=\"e-hosted-video elementor-wrapper elementor-open-inline\">\n\t\t\t\t\t<video class=\"elementor-video\" src=\"https:\/\/www.lyca-ec.fr\/wp-content\/uploads\/2025\/10\/de-la-facture-libre-a-la-facturation-electronique.mp4\" controls=\"\" preload=\"metadata\" controlsList=\"nodownload\"><\/video>\n\t\t\t\t<\/div>\n\t\t\t\t<\/div>\n\t\t\t\t<\/div>\n\t\t\t\t\t<\/div>\n\t\t<\/div>\n\t\t\t\t\t\t\t<\/div>\n\t\t<\/section>\n\t\t\t\t<section class=\"elementor-section elementor-top-section elementor-element elementor-element-b28f609 elementor-section-boxed elementor-section-height-default elementor-section-height-default\" data-id=\"b28f609\" data-element_type=\"section\">\n\t\t\t\t\t\t<div class=\"elementor-container elementor-column-gap-default\">\n\t\t\t\t\t<div class=\"elementor-column elementor-col-100 elementor-top-column elementor-element elementor-element-abfc251\" data-id=\"abfc251\" data-element_type=\"column\">\n\t\t\t<div class=\"elementor-widget-wrap elementor-element-populated\">\n\t\t\t\t\t\t\t\t<div class=\"elementor-element elementor-element-f74dc5e elementor-widget elementor-widget-heading\" data-id=\"f74dc5e\" data-element_type=\"widget\" data-widget_type=\"heading.default\">\n\t\t\t\t<div class=\"elementor-widget-container\">\n\t\t\t<h2 class=\"elementor-heading-title elementor-size-default\"><span class=\"x-unit-nb\" style=\"font-family: inherit; font-size: inherit; font-style: inherit; font-weight: inherit; letter-spacing: 1px; white-space-collapse: collapse; color: rgb(255, 43, 68); font-variant: inherit; font-stretch: inherit; line-height: 1.4em; font-optical-sizing: inherit; font-size-adjust: inherit; font-kerning: inherit; font-feature-settings: inherit; font-variation-settings: inherit;\">3<\/span><span style=\"background-color: rgb(246, 246, 246); color: rgb(80, 93, 104); font-family: MarkPro, sans-serif; font-size: 1.2em; letter-spacing: 1px; white-space-collapse: collapse;\">&nbsp;<\/span><span style=\"background-color: rgb(246, 246, 246); color: rgb(80, 93, 104); font-family: MarkPro, sans-serif; font-size: 1.2em; letter-spacing: 1px; white-space-collapse: collapse;\">| Respect des r\u00e8gles de routage et de format<\/span><span style=\"background-color: rgb(246, 246, 246); color: rgb(80, 93, 104); font-family: MarkPro, sans-serif; font-size: 1.2em; letter-spacing: 1px; white-space-collapse: collapse;\">&nbsp;<\/span><span class=\"x-unit-time\" style=\"color: inherit; font-family: inherit; font-style: inherit; letter-spacing: 1px; white-space-collapse: collapse; font-variant: inherit; font-weight: 700; font-stretch: inherit; font-size: 0.8rem; line-height: 1.4em; font-optical-sizing: inherit; font-size-adjust: inherit; font-kerning: inherit; font-feature-settings: inherit; font-variation-settings: inherit;\">(3'56)<\/span><br><span style=\"color: rgb(74, 74, 74); font-family: MarkPro, sans-serif; font-size: 14px; white-space-collapse: collapse; background-color: rgb(246, 246, 246);\">Cette vid\u00e9o vous explique le e-invoicing. Quels sont les formats de factures qui seront autoris\u00e9s et que tout assujetti devra \u00eatre en mesure de recevoir \u00e0 compter du 1er septembre 2026, comment transmettre ses factures, quelles sont les sanctions en cas de non-respect de ces r\u00e8gles.<\/span><\/h2>\t\t<\/div>\n\t\t\t\t<\/div>\n\t\t\t\t\t<\/div>\n\t\t<\/div>\n\t\t\t\t\t\t\t<\/div>\n\t\t<\/section>\n\t\t\t\t<section class=\"elementor-section elementor-top-section elementor-element elementor-element-84806c0 elementor-section-boxed elementor-section-height-default elementor-section-height-default\" data-id=\"84806c0\" data-element_type=\"section\">\n\t\t\t\t\t\t<div class=\"elementor-container elementor-column-gap-default\">\n\t\t\t\t\t<div class=\"elementor-column elementor-col-100 elementor-top-column elementor-element elementor-element-b506d00\" data-id=\"b506d00\" data-element_type=\"column\">\n\t\t\t<div class=\"elementor-widget-wrap elementor-element-populated\">\n\t\t\t\t\t\t\t\t<div class=\"elementor-element elementor-element-7524789 elementor-widget elementor-widget-video\" data-id=\"7524789\" data-element_type=\"widget\" data-settings=\"{&quot;video_type&quot;:&quot;hosted&quot;,&quot;controls&quot;:&quot;yes&quot;}\" data-widget_type=\"video.default\">\n\t\t\t\t<div class=\"elementor-widget-container\">\n\t\t\t\t\t<div class=\"e-hosted-video elementor-wrapper elementor-open-inline\">\n\t\t\t\t\t<video class=\"elementor-video\" src=\"https:\/\/www.lyca-ec.fr\/wp-content\/uploads\/2025\/10\/Respect-des-regles-de-routage.mp4\" controls=\"\" preload=\"metadata\" controlsList=\"nodownload\"><\/video>\n\t\t\t\t<\/div>\n\t\t\t\t<\/div>\n\t\t\t\t<\/div>\n\t\t\t\t\t<\/div>\n\t\t<\/div>\n\t\t\t\t\t\t\t<\/div>\n\t\t<\/section>\n\t\t\t\t<section class=\"elementor-section elementor-top-section elementor-element elementor-element-6f691fc elementor-section-boxed elementor-section-height-default elementor-section-height-default\" data-id=\"6f691fc\" data-element_type=\"section\">\n\t\t\t\t\t\t<div class=\"elementor-container elementor-column-gap-default\">\n\t\t\t\t\t<div class=\"elementor-column elementor-col-100 elementor-top-column elementor-element elementor-element-973f62d\" data-id=\"973f62d\" data-element_type=\"column\">\n\t\t\t<div class=\"elementor-widget-wrap elementor-element-populated\">\n\t\t\t\t\t\t\t\t<div class=\"elementor-element elementor-element-7d0ef3e elementor-widget elementor-widget-heading\" data-id=\"7d0ef3e\" data-element_type=\"widget\" data-widget_type=\"heading.default\">\n\t\t\t\t<div class=\"elementor-widget-container\">\n\t\t\t<h2 class=\"elementor-heading-title elementor-size-default\"><span class=\"x-unit-nb\" style=\"font-family: inherit; font-size: inherit; font-style: inherit; font-weight: inherit; letter-spacing: 1px; white-space-collapse: collapse; color: rgb(255, 43, 68); font-variant: inherit; font-stretch: inherit; line-height: 1.4em; font-optical-sizing: inherit; font-size-adjust: inherit; font-kerning: inherit; font-feature-settings: inherit; font-variation-settings: inherit;\">4<\/span><span style=\"background-color: rgb(246, 246, 246); color: rgb(80, 93, 104); font-family: MarkPro, sans-serif; font-size: 1.2em; letter-spacing: 1px; white-space-collapse: collapse;\">&nbsp;<\/span><span style=\"background-color: rgb(246, 246, 246); color: rgb(80, 93, 104); font-family: MarkPro, sans-serif; font-size: 1.2em; letter-spacing: 1px; white-space-collapse: collapse;\">| Obligation de transmission des donn\u00e9es de transaction<\/span><span style=\"background-color: rgb(246, 246, 246); color: rgb(80, 93, 104); font-family: MarkPro, sans-serif; font-size: 1.2em; letter-spacing: 1px; white-space-collapse: collapse;\">&nbsp;<\/span><span class=\"x-unit-time\" style=\"color: inherit; font-family: inherit; font-style: inherit; letter-spacing: 1px; white-space-collapse: collapse; font-variant: inherit; font-weight: 700; font-stretch: inherit; font-size: 0.8rem; line-height: 1.4em; font-optical-sizing: inherit; font-size-adjust: inherit; font-kerning: inherit; font-feature-settings: inherit; font-variation-settings: inherit;\">(3\u201939)<\/span><br><span style=\"color: rgb(74, 74, 74); font-family: MarkPro, sans-serif; font-size: 14px; white-space-collapse: collapse; background-color: rgb(246, 246, 246);\">Apr\u00e8s les r\u00e8gles d\u00e9finissant les formats et transmission des factures expliqu\u00e9es dans le module pr\u00e9c\u00e9dent, cette vid\u00e9o vous pr\u00e9sente dans quels cas il y a obligation de transmettre les donn\u00e9es de transaction et de paiement \u00e0 l\u2019administration fiscale ou e-reporting. Les sanctions pour non-respect de ces transmissions y sont \u00e9galement abord\u00e9es.<\/span><\/h2>\t\t<\/div>\n\t\t\t\t<\/div>\n\t\t\t\t\t<\/div>\n\t\t<\/div>\n\t\t\t\t\t\t\t<\/div>\n\t\t<\/section>\n\t\t\t\t<section class=\"elementor-section elementor-top-section elementor-element elementor-element-1daf39d elementor-section-boxed elementor-section-height-default elementor-section-height-default\" data-id=\"1daf39d\" data-element_type=\"section\">\n\t\t\t\t\t\t<div class=\"elementor-container elementor-column-gap-default\">\n\t\t\t\t\t<div class=\"elementor-column elementor-col-100 elementor-top-column elementor-element elementor-element-18a54f3\" data-id=\"18a54f3\" data-element_type=\"column\">\n\t\t\t<div class=\"elementor-widget-wrap elementor-element-populated\">\n\t\t\t\t\t\t\t\t<div class=\"elementor-element elementor-element-96c6a06 elementor-widget elementor-widget-video\" data-id=\"96c6a06\" data-element_type=\"widget\" data-settings=\"{&quot;video_type&quot;:&quot;hosted&quot;,&quot;controls&quot;:&quot;yes&quot;}\" data-widget_type=\"video.default\">\n\t\t\t\t<div class=\"elementor-widget-container\">\n\t\t\t\t\t<div class=\"e-hosted-video elementor-wrapper elementor-open-inline\">\n\t\t\t\t\t<video class=\"elementor-video\" src=\"https:\/\/www.lyca-ec.fr\/wp-content\/uploads\/2025\/10\/les-enjeux-pour-les-EC-et-les-chefs-dentreprises.mp4\" controls=\"\" preload=\"metadata\" controlsList=\"nodownload\"><\/video>\n\t\t\t\t<\/div>\n\t\t\t\t<\/div>\n\t\t\t\t<\/div>\n\t\t\t\t\t<\/div>\n\t\t<\/div>\n\t\t\t\t\t\t\t<\/div>\n\t\t<\/section>\n\t\t\t\t\t\t\t<\/div>\n\t\t","protected":false},"excerpt":{"rendered":"<p>1&nbsp;| Les assujettis \u00e0 la facturation \u00e9lectronique&nbsp;(1&rsquo;12) En pr\u00e9ambule, nous vous recommandons de regarder cette courte vid\u00e9o sur les assujettis pour savoir qui est concern\u00e9 par la facturation \u00e9lectronique. https:\/\/www.lyca-ec.fr\/wp-content\/uploads\/2025\/10\/S2-Les-assujettis-a-la-facturation-electronique.mp4 &hellip;<\/p>\n<p class=\"read-more\"> <a class=\"\" href=\"https:\/\/www.lyca-ec.fr\/?p=2120\"> <span class=\"screen-reader-text\">Facturation \u00e9lectronique et transmission obligatoire des donn\u00e9es de transaction<\/span> Lire la suite\u00a0\u00bb<\/a><\/p>\n","protected":false},"author":1,"featured_media":0,"comment_status":"open","ping_status":"open","sticky":false,"template":"","format":"standard","meta":{"site-sidebar-layout":"default","site-content-layout":"default","ast-global-header-display":"","ast-main-header-display":"","ast-hfb-above-header-display":"","ast-hfb-below-header-display":"","ast-hfb-mobile-header-display":"","site-post-title":"","ast-breadcrumbs-content":"","ast-featured-img":"","footer-sml-layout":"","theme-transparent-header-meta":"","adv-header-id-meta":"","stick-header-meta":"","header-above-stick-meta":"","header-main-stick-meta":"","header-below-stick-meta":"","_price":"","_stock":"","_tribe_ticket_header":"","_tribe_default_ticket_provider":"","_tribe_ticket_capacity":"0","_ticket_start_date":"","_ticket_end_date":"","_tribe_ticket_show_description":"","_tribe_ticket_show_not_going":false,"_tribe_ticket_use_global_stock":"","_tribe_ticket_global_stock_level":"","_global_stock_mode":"","_global_stock_cap":"","_tribe_rsvp_for_event":"","_tribe_ticket_going_count":"","_tribe_ticket_not_going_count":"","_tribe_tickets_list":"[]","_tribe_ticket_has_attendee_info_fields":false,"footnotes":""},"categories":[1],"tags":[],"class_list":["post-2120","post","type-post","status-publish","format-standard","hentry","category-lyca-expertise-conseils"],"yoast_head":"<!-- This site is optimized with the Yoast SEO plugin v21.9.1 - https:\/\/yoast.com\/wordpress\/plugins\/seo\/ -->\n<title>Facturation \u00e9lectronique et transmission obligatoire des donn\u00e9es de transaction -<\/title>\n<meta name=\"robots\" content=\"index, follow, max-snippet:-1, max-image-preview:large, max-video-preview:-1\" \/>\n<link rel=\"canonical\" href=\"https:\/\/www.lyca-ec.fr\/?p=2120\" \/>\n<meta property=\"og:locale\" content=\"fr_FR\" \/>\n<meta property=\"og:type\" content=\"article\" \/>\n<meta property=\"og:title\" content=\"Facturation \u00e9lectronique et transmission obligatoire des donn\u00e9es de transaction -\" \/>\n<meta property=\"og:description\" content=\"1&nbsp;| Les assujettis \u00e0 la facturation \u00e9lectronique&nbsp;(1&rsquo;12) En pr\u00e9ambule, nous vous recommandons de regarder cette courte vid\u00e9o sur les assujettis pour savoir qui est concern\u00e9 par la facturation \u00e9lectronique. https:\/\/www.lyca-ec.fr\/wp-content\/uploads\/2025\/10\/S2-Les-assujettis-a-la-facturation-electronique.mp4 &hellip; Facturation \u00e9lectronique et transmission obligatoire des donn\u00e9es de transaction Lire la suite\u00a0\u00bb\" \/>\n<meta property=\"og:url\" content=\"https:\/\/www.lyca-ec.fr\/?p=2120\" \/>\n<meta property=\"article:published_time\" content=\"2025-10-06T13:58:12+00:00\" \/>\n<meta property=\"article:modified_time\" content=\"2025-10-06T14:12:06+00:00\" \/>\n<meta name=\"author\" content=\"Lyca Expertise &amp; Conseils\" \/>\n<meta name=\"twitter:card\" content=\"summary_large_image\" \/>\n<meta name=\"twitter:label1\" content=\"\u00c9crit par\" \/>\n\t<meta name=\"twitter:data1\" content=\"Lyca Expertise &amp; Conseils\" \/>\n\t<meta name=\"twitter:label2\" content=\"Dur\u00e9e de lecture estim\u00e9e\" \/>\n\t<meta name=\"twitter:data2\" content=\"2 minutes\" \/>\n<script type=\"application\/ld+json\" class=\"yoast-schema-graph\">{\"@context\":\"https:\/\/schema.org\",\"@graph\":[{\"@type\":\"Article\",\"@id\":\"https:\/\/www.lyca-ec.fr\/?p=2120#article\",\"isPartOf\":{\"@id\":\"https:\/\/www.lyca-ec.fr\/?p=2120\"},\"author\":{\"name\":\"Lyca Expertise &amp; Conseils\",\"@id\":\"https:\/\/www.lyca-ec.fr\/#\/schema\/person\/c6398f0529e9c0da5b9102d47656b7d7\"},\"headline\":\"Facturation \u00e9lectronique et transmission obligatoire des donn\u00e9es de transaction\",\"datePublished\":\"2025-10-06T13:58:12+00:00\",\"dateModified\":\"2025-10-06T14:12:06+00:00\",\"mainEntityOfPage\":{\"@id\":\"https:\/\/www.lyca-ec.fr\/?p=2120\"},\"wordCount\":267,\"commentCount\":0,\"publisher\":{\"@id\":\"https:\/\/www.lyca-ec.fr\/#organization\"},\"articleSection\":[\"Actualit\u00e9s\"],\"inLanguage\":\"fr-FR\",\"potentialAction\":[{\"@type\":\"CommentAction\",\"name\":\"Comment\",\"target\":[\"https:\/\/www.lyca-ec.fr\/?p=2120#respond\"]}]},{\"@type\":\"WebPage\",\"@id\":\"https:\/\/www.lyca-ec.fr\/?p=2120\",\"url\":\"https:\/\/www.lyca-ec.fr\/?p=2120\",\"name\":\"Facturation \u00e9lectronique et transmission obligatoire des donn\u00e9es de transaction -\",\"isPartOf\":{\"@id\":\"https:\/\/www.lyca-ec.fr\/#website\"},\"datePublished\":\"2025-10-06T13:58:12+00:00\",\"dateModified\":\"2025-10-06T14:12:06+00:00\",\"breadcrumb\":{\"@id\":\"https:\/\/www.lyca-ec.fr\/?p=2120#breadcrumb\"},\"inLanguage\":\"fr-FR\",\"potentialAction\":[{\"@type\":\"ReadAction\",\"target\":[\"https:\/\/www.lyca-ec.fr\/?p=2120\"]}]},{\"@type\":\"BreadcrumbList\",\"@id\":\"https:\/\/www.lyca-ec.fr\/?p=2120#breadcrumb\",\"itemListElement\":[{\"@type\":\"ListItem\",\"position\":1,\"name\":\"Accueil\",\"item\":\"https:\/\/www.lyca-ec.fr\/\"},{\"@type\":\"ListItem\",\"position\":2,\"name\":\"Facturation \u00e9lectronique et transmission obligatoire des donn\u00e9es de transaction\"}]},{\"@type\":\"WebSite\",\"@id\":\"https:\/\/www.lyca-ec.fr\/#website\",\"url\":\"https:\/\/www.lyca-ec.fr\/\",\"name\":\"LYCA Expertise & Conseils\",\"description\":\"LYCA Expertise &amp; Conseils\",\"publisher\":{\"@id\":\"https:\/\/www.lyca-ec.fr\/#organization\"},\"potentialAction\":[{\"@type\":\"SearchAction\",\"target\":{\"@type\":\"EntryPoint\",\"urlTemplate\":\"https:\/\/www.lyca-ec.fr\/?s={search_term_string}\"},\"query-input\":\"required name=search_term_string\"}],\"inLanguage\":\"fr-FR\"},{\"@type\":\"Organization\",\"@id\":\"https:\/\/www.lyca-ec.fr\/#organization\",\"name\":\"LYCA Expertise & Conseils\",\"url\":\"https:\/\/www.lyca-ec.fr\/\",\"logo\":{\"@type\":\"ImageObject\",\"inLanguage\":\"fr-FR\",\"@id\":\"https:\/\/www.lyca-ec.fr\/#\/schema\/logo\/image\/\",\"url\":\"https:\/\/www.lyca-ec.fr\/wp-content\/uploads\/2022\/11\/cropped-cropped-Copie-de-Noir-et-Or-Cercle-Immobilier-Logo-2_prev_ui.png\",\"contentUrl\":\"https:\/\/www.lyca-ec.fr\/wp-content\/uploads\/2022\/11\/cropped-cropped-Copie-de-Noir-et-Or-Cercle-Immobilier-Logo-2_prev_ui.png\",\"width\":305,\"height\":300,\"caption\":\"LYCA Expertise & Conseils\"},\"image\":{\"@id\":\"https:\/\/www.lyca-ec.fr\/#\/schema\/logo\/image\/\"},\"sameAs\":[\"https:\/\/www.linkedin.com\/company\/lyca-expertise-conseils\"]},{\"@type\":\"Person\",\"@id\":\"https:\/\/www.lyca-ec.fr\/#\/schema\/person\/c6398f0529e9c0da5b9102d47656b7d7\",\"name\":\"Lyca Expertise &amp; Conseils\",\"image\":{\"@type\":\"ImageObject\",\"inLanguage\":\"fr-FR\",\"@id\":\"https:\/\/www.lyca-ec.fr\/#\/schema\/person\/image\/\",\"url\":\"https:\/\/secure.gravatar.com\/avatar\/61e1b03b65f73e0bc872340b60347a6b664ecaab6410d9f0763e9e9b16081d08?s=96&d=mm&r=g\",\"contentUrl\":\"https:\/\/secure.gravatar.com\/avatar\/61e1b03b65f73e0bc872340b60347a6b664ecaab6410d9f0763e9e9b16081d08?s=96&d=mm&r=g\",\"caption\":\"Lyca Expertise &amp; Conseils\"},\"sameAs\":[\"http:\/\/www.lyca-ec.fr\"],\"url\":\"https:\/\/www.lyca-ec.fr\/?author=1\"}]}<\/script>\n<!-- \/ Yoast SEO plugin. -->","yoast_head_json":{"title":"Facturation \u00e9lectronique et transmission obligatoire des donn\u00e9es de transaction -","robots":{"index":"index","follow":"follow","max-snippet":"max-snippet:-1","max-image-preview":"max-image-preview:large","max-video-preview":"max-video-preview:-1"},"canonical":"https:\/\/www.lyca-ec.fr\/?p=2120","og_locale":"fr_FR","og_type":"article","og_title":"Facturation \u00e9lectronique et transmission obligatoire des donn\u00e9es de transaction -","og_description":"1&nbsp;| Les assujettis \u00e0 la facturation \u00e9lectronique&nbsp;(1&rsquo;12) En pr\u00e9ambule, nous vous recommandons de regarder cette courte vid\u00e9o sur les assujettis pour savoir qui est concern\u00e9 par la facturation \u00e9lectronique. https:\/\/www.lyca-ec.fr\/wp-content\/uploads\/2025\/10\/S2-Les-assujettis-a-la-facturation-electronique.mp4 &hellip; Facturation \u00e9lectronique et transmission obligatoire des donn\u00e9es de transaction Lire la suite\u00a0\u00bb","og_url":"https:\/\/www.lyca-ec.fr\/?p=2120","article_published_time":"2025-10-06T13:58:12+00:00","article_modified_time":"2025-10-06T14:12:06+00:00","author":"Lyca Expertise &amp; Conseils","twitter_card":"summary_large_image","twitter_misc":{"\u00c9crit par":"Lyca Expertise &amp; Conseils","Dur\u00e9e de lecture estim\u00e9e":"2 minutes"},"schema":{"@context":"https:\/\/schema.org","@graph":[{"@type":"Article","@id":"https:\/\/www.lyca-ec.fr\/?p=2120#article","isPartOf":{"@id":"https:\/\/www.lyca-ec.fr\/?p=2120"},"author":{"name":"Lyca Expertise &amp; Conseils","@id":"https:\/\/www.lyca-ec.fr\/#\/schema\/person\/c6398f0529e9c0da5b9102d47656b7d7"},"headline":"Facturation \u00e9lectronique et transmission obligatoire des donn\u00e9es de transaction","datePublished":"2025-10-06T13:58:12+00:00","dateModified":"2025-10-06T14:12:06+00:00","mainEntityOfPage":{"@id":"https:\/\/www.lyca-ec.fr\/?p=2120"},"wordCount":267,"commentCount":0,"publisher":{"@id":"https:\/\/www.lyca-ec.fr\/#organization"},"articleSection":["Actualit\u00e9s"],"inLanguage":"fr-FR","potentialAction":[{"@type":"CommentAction","name":"Comment","target":["https:\/\/www.lyca-ec.fr\/?p=2120#respond"]}]},{"@type":"WebPage","@id":"https:\/\/www.lyca-ec.fr\/?p=2120","url":"https:\/\/www.lyca-ec.fr\/?p=2120","name":"Facturation \u00e9lectronique et transmission obligatoire des donn\u00e9es de transaction -","isPartOf":{"@id":"https:\/\/www.lyca-ec.fr\/#website"},"datePublished":"2025-10-06T13:58:12+00:00","dateModified":"2025-10-06T14:12:06+00:00","breadcrumb":{"@id":"https:\/\/www.lyca-ec.fr\/?p=2120#breadcrumb"},"inLanguage":"fr-FR","potentialAction":[{"@type":"ReadAction","target":["https:\/\/www.lyca-ec.fr\/?p=2120"]}]},{"@type":"BreadcrumbList","@id":"https:\/\/www.lyca-ec.fr\/?p=2120#breadcrumb","itemListElement":[{"@type":"ListItem","position":1,"name":"Accueil","item":"https:\/\/www.lyca-ec.fr\/"},{"@type":"ListItem","position":2,"name":"Facturation \u00e9lectronique et transmission obligatoire des donn\u00e9es de transaction"}]},{"@type":"WebSite","@id":"https:\/\/www.lyca-ec.fr\/#website","url":"https:\/\/www.lyca-ec.fr\/","name":"LYCA Expertise & Conseils","description":"LYCA Expertise &amp; Conseils","publisher":{"@id":"https:\/\/www.lyca-ec.fr\/#organization"},"potentialAction":[{"@type":"SearchAction","target":{"@type":"EntryPoint","urlTemplate":"https:\/\/www.lyca-ec.fr\/?s={search_term_string}"},"query-input":"required name=search_term_string"}],"inLanguage":"fr-FR"},{"@type":"Organization","@id":"https:\/\/www.lyca-ec.fr\/#organization","name":"LYCA Expertise & Conseils","url":"https:\/\/www.lyca-ec.fr\/","logo":{"@type":"ImageObject","inLanguage":"fr-FR","@id":"https:\/\/www.lyca-ec.fr\/#\/schema\/logo\/image\/","url":"https:\/\/www.lyca-ec.fr\/wp-content\/uploads\/2022\/11\/cropped-cropped-Copie-de-Noir-et-Or-Cercle-Immobilier-Logo-2_prev_ui.png","contentUrl":"https:\/\/www.lyca-ec.fr\/wp-content\/uploads\/2022\/11\/cropped-cropped-Copie-de-Noir-et-Or-Cercle-Immobilier-Logo-2_prev_ui.png","width":305,"height":300,"caption":"LYCA Expertise & Conseils"},"image":{"@id":"https:\/\/www.lyca-ec.fr\/#\/schema\/logo\/image\/"},"sameAs":["https:\/\/www.linkedin.com\/company\/lyca-expertise-conseils"]},{"@type":"Person","@id":"https:\/\/www.lyca-ec.fr\/#\/schema\/person\/c6398f0529e9c0da5b9102d47656b7d7","name":"Lyca Expertise &amp; Conseils","image":{"@type":"ImageObject","inLanguage":"fr-FR","@id":"https:\/\/www.lyca-ec.fr\/#\/schema\/person\/image\/","url":"https:\/\/secure.gravatar.com\/avatar\/61e1b03b65f73e0bc872340b60347a6b664ecaab6410d9f0763e9e9b16081d08?s=96&d=mm&r=g","contentUrl":"https:\/\/secure.gravatar.com\/avatar\/61e1b03b65f73e0bc872340b60347a6b664ecaab6410d9f0763e9e9b16081d08?s=96&d=mm&r=g","caption":"Lyca Expertise &amp; Conseils"},"sameAs":["http:\/\/www.lyca-ec.fr"],"url":"https:\/\/www.lyca-ec.fr\/?author=1"}]}},"_links":{"self":[{"href":"https:\/\/www.lyca-ec.fr\/index.php?rest_route=\/wp\/v2\/posts\/2120","targetHints":{"allow":["GET"]}}],"collection":[{"href":"https:\/\/www.lyca-ec.fr\/index.php?rest_route=\/wp\/v2\/posts"}],"about":[{"href":"https:\/\/www.lyca-ec.fr\/index.php?rest_route=\/wp\/v2\/types\/post"}],"author":[{"embeddable":true,"href":"https:\/\/www.lyca-ec.fr\/index.php?rest_route=\/wp\/v2\/users\/1"}],"replies":[{"embeddable":true,"href":"https:\/\/www.lyca-ec.fr\/index.php?rest_route=%2Fwp%2Fv2%2Fcomments&post=2120"}],"version-history":[{"count":12,"href":"https:\/\/www.lyca-ec.fr\/index.php?rest_route=\/wp\/v2\/posts\/2120\/revisions"}],"predecessor-version":[{"id":2142,"href":"https:\/\/www.lyca-ec.fr\/index.php?rest_route=\/wp\/v2\/posts\/2120\/revisions\/2142"}],"wp:attachment":[{"href":"https:\/\/www.lyca-ec.fr\/index.php?rest_route=%2Fwp%2Fv2%2Fmedia&parent=2120"}],"wp:term":[{"taxonomy":"category","embeddable":true,"href":"https:\/\/www.lyca-ec.fr\/index.php?rest_route=%2Fwp%2Fv2%2Fcategories&post=2120"},{"taxonomy":"post_tag","embeddable":true,"href":"https:\/\/www.lyca-ec.fr\/index.php?rest_route=%2Fwp%2Fv2%2Ftags&post=2120"}],"curies":[{"name":"wp","href":"https:\/\/api.w.org\/{rel}","templated":true}]}}