{"id":2150,"date":"2025-10-06T16:10:49","date_gmt":"2025-10-06T14:10:49","guid":{"rendered":"https:\/\/www.lyca-ec.fr\/?p=2150"},"modified":"2025-10-24T09:20:25","modified_gmt":"2025-10-24T07:20:25","slug":"la-mecanique-de-la-facturation-electronique-partie-2","status":"publish","type":"post","link":"https:\/\/www.lyca-ec.fr\/?p=2150","title":{"rendered":"La m\u00e9canique de la facturation \u00e9lectronique : Partie 2"},"content":{"rendered":"\t\t<div data-elementor-type=\"wp-post\" data-elementor-id=\"2150\" class=\"elementor elementor-2150\">\n\t\t\t\t\t\t\t\t\t<section class=\"elementor-section elementor-top-section elementor-element elementor-element-10df442 elementor-section-boxed elementor-section-height-default elementor-section-height-default\" data-id=\"10df442\" data-element_type=\"section\">\n\t\t\t\t\t\t<div class=\"elementor-container elementor-column-gap-default\">\n\t\t\t\t\t<div class=\"elementor-column elementor-col-100 elementor-top-column elementor-element elementor-element-273e913\" data-id=\"273e913\" data-element_type=\"column\">\n\t\t\t<div class=\"elementor-widget-wrap elementor-element-populated\">\n\t\t\t\t\t\t\t\t<div class=\"elementor-element elementor-element-c7f90e4 elementor-widget elementor-widget-heading\" data-id=\"c7f90e4\" data-element_type=\"widget\" data-widget_type=\"heading.default\">\n\t\t\t\t<div class=\"elementor-widget-container\">\n\t\t\t<style>\/*! elementor - v3.18.0 - 20-12-2023 *\/\n.elementor-heading-title{padding:0;margin:0;line-height:1}.elementor-widget-heading .elementor-heading-title[class*=elementor-size-]>a{color:inherit;font-size:inherit;line-height:inherit}.elementor-widget-heading .elementor-heading-title.elementor-size-small{font-size:15px}.elementor-widget-heading .elementor-heading-title.elementor-size-medium{font-size:19px}.elementor-widget-heading .elementor-heading-title.elementor-size-large{font-size:29px}.elementor-widget-heading .elementor-heading-title.elementor-size-xl{font-size:39px}.elementor-widget-heading .elementor-heading-title.elementor-size-xxl{font-size:59px}<\/style><h2 class=\"elementor-heading-title elementor-size-default\"><span class=\"x-unit-nb\" style=\"font-family: inherit; font-size: inherit; font-style: inherit; font-weight: inherit; letter-spacing: 1px; white-space-collapse: collapse; color: rgb(255, 43, 68); font-variant: inherit; font-stretch: inherit; line-height: 1.4em; font-optical-sizing: inherit; font-size-adjust: inherit; font-kerning: inherit; font-feature-settings: inherit; font-variation-settings: inherit;\">1<\/span><span style=\"background-color: rgb(246, 246, 246); color: rgb(80, 93, 104); font-family: MarkPro, sans-serif; font-size: 1.2em; letter-spacing: 1px; white-space-collapse: collapse;\">&nbsp;<\/span><span style=\"background-color: rgb(246, 246, 246); color: rgb(80, 93, 104); font-family: MarkPro, sans-serif; font-size: 1.2em; letter-spacing: 1px; white-space-collapse: collapse;\">| Les d\u00e9lais et donn\u00e9es transmises<\/span><span style=\"background-color: rgb(246, 246, 246); color: rgb(80, 93, 104); font-family: MarkPro, sans-serif; font-size: 1.2em; letter-spacing: 1px; white-space-collapse: collapse;\">&nbsp;<\/span><span class=\"x-unit-time\" style=\"color: inherit; font-family: inherit; font-style: inherit; letter-spacing: 1px; white-space-collapse: collapse; font-variant: inherit; font-weight: 700; font-stretch: inherit; font-size: 0.8rem; line-height: 1.4em; font-optical-sizing: inherit; font-size-adjust: inherit; font-kerning: inherit; font-feature-settings: inherit; font-variation-settings: inherit;\">(3'21)<\/span><br><span style=\"color: rgb(74, 74, 74); font-family: MarkPro, sans-serif; font-size: 14px; white-space-collapse: collapse; background-color: rgb(246, 246, 246);\">Les donn\u00e9es \u00e0 transmettre au client et \u00e0 l\u2019administration fiscale d\u00e9pendent de l\u2019assujettissement du vendeur et de l\u2019acheteur. Cette vid\u00e9o d\u00e9taille les cas du B2B domestique, B2C et B2B international et rappelle les d\u00e9lais de transmissions pour chaque situation.<\/span><\/h2>\t\t<\/div>\n\t\t\t\t<\/div>\n\t\t\t\t<div class=\"elementor-element elementor-element-2cf49a3 elementor-widget elementor-widget-video\" data-id=\"2cf49a3\" data-element_type=\"widget\" data-settings=\"{&quot;video_type&quot;:&quot;hosted&quot;,&quot;controls&quot;:&quot;yes&quot;}\" data-widget_type=\"video.default\">\n\t\t\t\t<div class=\"elementor-widget-container\">\n\t\t\t<style>\/*! elementor - v3.18.0 - 20-12-2023 *\/\n.elementor-widget-video .elementor-widget-container{overflow:hidden;transform:translateZ(0)}.elementor-widget-video .elementor-wrapper{aspect-ratio:var(--video-aspect-ratio)}.elementor-widget-video .elementor-wrapper iframe,.elementor-widget-video .elementor-wrapper video{height:100%;width:100%;display:flex;border:none;background-color:#000}@supports not (aspect-ratio:1\/1){.elementor-widget-video .elementor-wrapper{position:relative;overflow:hidden;height:0;padding-bottom:calc(100% \/ var(--video-aspect-ratio))}.elementor-widget-video .elementor-wrapper iframe,.elementor-widget-video .elementor-wrapper video{position:absolute;top:0;right:0;bottom:0;left:0}}.elementor-widget-video .elementor-open-inline .elementor-custom-embed-image-overlay{position:absolute;top:0;right:0;bottom:0;left:0;background-size:cover;background-position:50%}.elementor-widget-video .elementor-custom-embed-image-overlay{cursor:pointer;text-align:center}.elementor-widget-video .elementor-custom-embed-image-overlay:hover .elementor-custom-embed-play i{opacity:1}.elementor-widget-video .elementor-custom-embed-image-overlay img{display:block;width:100%;aspect-ratio:var(--video-aspect-ratio);-o-object-fit:cover;object-fit:cover;-o-object-position:center center;object-position:center center}@supports not (aspect-ratio:1\/1){.elementor-widget-video .elementor-custom-embed-image-overlay{position:relative;overflow:hidden;height:0;padding-bottom:calc(100% \/ var(--video-aspect-ratio))}.elementor-widget-video .elementor-custom-embed-image-overlay img{position:absolute;top:0;right:0;bottom:0;left:0}}.elementor-widget-video .e-hosted-video .elementor-video{-o-object-fit:cover;object-fit:cover}.e-con-inner>.elementor-widget-video,.e-con>.elementor-widget-video{width:var(--container-widget-width);--flex-grow:var(--container-widget-flex-grow)}<\/style>\t\t<div class=\"e-hosted-video elementor-wrapper elementor-open-inline\">\n\t\t\t\t\t<video class=\"elementor-video\" src=\"https:\/\/www.lyca-ec.fr\/wp-content\/uploads\/2025\/10\/s4-les-delais.mp4\" controls=\"\" preload=\"metadata\" controlsList=\"nodownload\"><\/video>\n\t\t\t\t<\/div>\n\t\t\t\t<\/div>\n\t\t\t\t<\/div>\n\t\t\t\t\t<\/div>\n\t\t<\/div>\n\t\t\t\t\t\t\t<\/div>\n\t\t<\/section>\n\t\t\t\t<section class=\"elementor-section elementor-top-section elementor-element elementor-element-7bc631c elementor-section-boxed elementor-section-height-default elementor-section-height-default\" data-id=\"7bc631c\" data-element_type=\"section\">\n\t\t\t\t\t\t<div class=\"elementor-container elementor-column-gap-default\">\n\t\t\t\t\t<div class=\"elementor-column elementor-col-100 elementor-top-column elementor-element elementor-element-d1f9ced\" data-id=\"d1f9ced\" data-element_type=\"column\">\n\t\t\t<div class=\"elementor-widget-wrap elementor-element-populated\">\n\t\t\t\t\t\t\t\t<div class=\"elementor-element elementor-element-45d7634 elementor-widget elementor-widget-heading\" data-id=\"45d7634\" data-element_type=\"widget\" data-widget_type=\"heading.default\">\n\t\t\t\t<div class=\"elementor-widget-container\">\n\t\t\t<h2 class=\"elementor-heading-title elementor-size-default\"><span style=\"font-family: inherit; font-size: inherit; font-style: inherit; font-weight: inherit; letter-spacing: 1px; white-space-collapse: collapse; color: rgb(255, 43, 68); font-variant: inherit; font-stretch: inherit; line-height: 1.4em; font-optical-sizing: inherit; font-size-adjust: inherit; font-kerning: inherit; font-feature-settings: inherit; font-variation-settings: inherit;\">2<\/span><span style=\"background-color: rgb(246, 246, 246); color: rgb(80, 93, 104); font-family: MarkPro, sans-serif; font-size: 1.2em; letter-spacing: 1px; white-space-collapse: collapse;\">&nbsp;<\/span><span style=\"background-color: rgb(246, 246, 246); color: rgb(80, 93, 104); font-family: MarkPro, sans-serif; font-size: 1.2em; letter-spacing: 1px; white-space-collapse: collapse;\">| Le cycle de vie de la facture<\/span><span style=\"background-color: rgb(246, 246, 246); color: rgb(80, 93, 104); font-family: MarkPro, sans-serif; font-size: 1.2em; letter-spacing: 1px; white-space-collapse: collapse;\">&nbsp;<\/span><span style=\"color: inherit; font-family: inherit; font-style: inherit; letter-spacing: 1px; white-space-collapse: collapse; font-variant: inherit; font-weight: 700; font-stretch: inherit; font-size: 0.8rem; line-height: 1.4em; font-optical-sizing: inherit; font-size-adjust: inherit; font-kerning: inherit; font-feature-settings: inherit; font-variation-settings: inherit;\">(2'35)<\/span><br><span style=\"color: rgb(74, 74, 74); font-family: MarkPro, sans-serif; font-size: 14px; white-space-collapse: collapse; background-color: rgb(246, 246, 246);\">Un des objectifs de la r\u00e9forme est le suivi en temps r\u00e9el des factures. Cet objectif est concr\u00e9tis\u00e9 par la gestion du cycle de vie des factures. Cette vid\u00e9o d\u00e9taille les diff\u00e9rents statuts qui doivent simplifier la relation fournisseur \/ client.<\/span><\/h2>\t\t<\/div>\n\t\t\t\t<\/div>\n\t\t\t\t<div class=\"elementor-element elementor-element-e6817e3 elementor-widget elementor-widget-video\" data-id=\"e6817e3\" data-element_type=\"widget\" data-settings=\"{&quot;video_type&quot;:&quot;hosted&quot;,&quot;controls&quot;:&quot;yes&quot;}\" data-widget_type=\"video.default\">\n\t\t\t\t<div class=\"elementor-widget-container\">\n\t\t\t\t\t<div class=\"e-hosted-video elementor-wrapper elementor-open-inline\">\n\t\t\t\t\t<video class=\"elementor-video\" src=\"https:\/\/www.lyca-ec.fr\/wp-content\/uploads\/2025\/10\/s4-le-cycle-de-vie.mp4\" controls=\"\" preload=\"metadata\" controlsList=\"nodownload\"><\/video>\n\t\t\t\t<\/div>\n\t\t\t\t<\/div>\n\t\t\t\t<\/div>\n\t\t\t\t\t<\/div>\n\t\t<\/div>\n\t\t\t\t\t\t\t<\/div>\n\t\t<\/section>\n\t\t\t\t<section class=\"elementor-section elementor-top-section elementor-element elementor-element-6309175 elementor-section-boxed elementor-section-height-default elementor-section-height-default\" data-id=\"6309175\" data-element_type=\"section\">\n\t\t\t\t\t\t<div class=\"elementor-container elementor-column-gap-default\">\n\t\t\t\t\t<div class=\"elementor-column elementor-col-100 elementor-top-column elementor-element elementor-element-bc8b8ac\" data-id=\"bc8b8ac\" data-element_type=\"column\">\n\t\t\t<div class=\"elementor-widget-wrap elementor-element-populated\">\n\t\t\t\t\t\t\t\t<div class=\"elementor-element elementor-element-e7872a7 elementor-widget elementor-widget-heading\" data-id=\"e7872a7\" data-element_type=\"widget\" data-widget_type=\"heading.default\">\n\t\t\t\t<div class=\"elementor-widget-container\">\n\t\t\t<h2 class=\"elementor-heading-title elementor-size-default\"><span style=\"font-family: inherit; font-size: inherit; font-style: inherit; font-weight: inherit; letter-spacing: 1px; white-space-collapse: collapse; color: rgb(255, 43, 68); font-variant: inherit; font-stretch: inherit; line-height: 1.4em; font-optical-sizing: inherit; font-size-adjust: inherit; font-kerning: inherit; font-feature-settings: inherit; font-variation-settings: inherit;\">3<\/span><span style=\"background-color: rgb(246, 246, 246); color: rgb(80, 93, 104); font-family: MarkPro, sans-serif; font-size: 1.2em; letter-spacing: 1px; white-space-collapse: collapse;\">&nbsp;<\/span><span style=\"background-color: rgb(246, 246, 246); color: rgb(80, 93, 104); font-family: MarkPro, sans-serif; font-size: 1.2em; letter-spacing: 1px; white-space-collapse: collapse;\">| Les cas d\u2019usage<\/span><span style=\"background-color: rgb(246, 246, 246); color: rgb(80, 93, 104); font-family: MarkPro, sans-serif; font-size: 1.2em; letter-spacing: 1px; white-space-collapse: collapse;\">&nbsp;<\/span><span style=\"color: inherit; font-family: inherit; font-style: inherit; letter-spacing: 1px; white-space-collapse: collapse; font-variant: inherit; font-weight: 700; font-stretch: inherit; font-size: 0.8rem; line-height: 1.4em; font-optical-sizing: inherit; font-size-adjust: inherit; font-kerning: inherit; font-feature-settings: inherit; font-variation-settings: inherit;\">(2\u201953)<\/span><br><span style=\"color: rgb(74, 74, 74); font-family: MarkPro, sans-serif; font-size: 14px; white-space-collapse: collapse; background-color: rgb(246, 246, 246);\">La facturation \u00e9lectronique est rendue possible gr\u00e2ce \u00e0 la normalisation des formats et des transmissions. Mais il existe des situations qui ne rentrent pas dans le cas g\u00e9n\u00e9ral du traitement des factures et les informations transmises entre vendeur, client et administration fiscale doivent alors suivre un chemin sp\u00e9cifique. L\u2019administration a donc d\u00e9fini des cas d\u2019usage qui sont expliqu\u00e9s dans cette vid\u00e9o.<\/span><\/h2>\t\t<\/div>\n\t\t\t\t<\/div>\n\t\t\t\t<div class=\"elementor-element elementor-element-d778d2d elementor-widget elementor-widget-video\" data-id=\"d778d2d\" data-element_type=\"widget\" data-settings=\"{&quot;video_type&quot;:&quot;hosted&quot;,&quot;controls&quot;:&quot;yes&quot;}\" data-widget_type=\"video.default\">\n\t\t\t\t<div class=\"elementor-widget-container\">\n\t\t\t\t\t<div class=\"e-hosted-video elementor-wrapper elementor-open-inline\">\n\t\t\t\t\t<video class=\"elementor-video\" src=\"https:\/\/www.lyca-ec.fr\/wp-content\/uploads\/2025\/10\/s4-les-cas-dusage.mp4\" controls=\"\" preload=\"metadata\" controlsList=\"nodownload\"><\/video>\n\t\t\t\t<\/div>\n\t\t\t\t<\/div>\n\t\t\t\t<\/div>\n\t\t\t\t\t<\/div>\n\t\t<\/div>\n\t\t\t\t\t\t\t<\/div>\n\t\t<\/section>\n\t\t\t\t\t\t\t<\/div>\n\t\t","protected":false},"excerpt":{"rendered":"<p>1&nbsp;| Les d\u00e9lais et donn\u00e9es transmises&nbsp;(3&rsquo;21)Les donn\u00e9es \u00e0 transmettre au client et \u00e0 l\u2019administration fiscale d\u00e9pendent de l\u2019assujettissement du vendeur et de l\u2019acheteur. Cette vid\u00e9o d\u00e9taille les cas du B2B &hellip;<\/p>\n<p class=\"read-more\"> <a class=\"\" href=\"https:\/\/www.lyca-ec.fr\/?p=2150\"> <span class=\"screen-reader-text\">La m\u00e9canique de la facturation \u00e9lectronique : Partie 2<\/span> Lire la suite\u00a0\u00bb<\/a><\/p>\n","protected":false},"author":1,"featured_media":0,"comment_status":"open","ping_status":"open","sticky":false,"template":"","format":"standard","meta":{"site-sidebar-layout":"default","site-content-layout":"default","ast-global-header-display":"","ast-main-header-display":"","ast-hfb-above-header-display":"","ast-hfb-below-header-display":"","ast-hfb-mobile-header-display":"","site-post-title":"","ast-breadcrumbs-content":"","ast-featured-img":"","footer-sml-layout":"","theme-transparent-header-meta":"","adv-header-id-meta":"","stick-header-meta":"","header-above-stick-meta":"","header-main-stick-meta":"","header-below-stick-meta":"","_price":"","_stock":"","_tribe_ticket_header":"","_tribe_default_ticket_provider":"","_tribe_ticket_capacity":"0","_ticket_start_date":"","_ticket_end_date":"","_tribe_ticket_show_description":"","_tribe_ticket_show_not_going":false,"_tribe_ticket_use_global_stock":"","_tribe_ticket_global_stock_level":"","_global_stock_mode":"","_global_stock_cap":"","_tribe_rsvp_for_event":"","_tribe_ticket_going_count":"","_tribe_ticket_not_going_count":"","_tribe_tickets_list":"[]","_tribe_ticket_has_attendee_info_fields":false,"footnotes":""},"categories":[1],"tags":[],"class_list":["post-2150","post","type-post","status-publish","format-standard","hentry","category-lyca-expertise-conseils"],"yoast_head":"<!-- This site is optimized with the Yoast SEO plugin v21.9.1 - https:\/\/yoast.com\/wordpress\/plugins\/seo\/ -->\n<title>La m\u00e9canique de la facturation \u00e9lectronique : Partie 2 -<\/title>\n<meta name=\"robots\" content=\"index, follow, max-snippet:-1, max-image-preview:large, max-video-preview:-1\" \/>\n<link rel=\"canonical\" href=\"https:\/\/www.lyca-ec.fr\/?p=2150\" \/>\n<meta property=\"og:locale\" content=\"fr_FR\" \/>\n<meta property=\"og:type\" content=\"article\" \/>\n<meta property=\"og:title\" content=\"La m\u00e9canique de la facturation \u00e9lectronique : Partie 2 -\" \/>\n<meta property=\"og:description\" content=\"1&nbsp;| Les d\u00e9lais et donn\u00e9es transmises&nbsp;(3&rsquo;21)Les donn\u00e9es \u00e0 transmettre au client et \u00e0 l\u2019administration fiscale d\u00e9pendent de l\u2019assujettissement du vendeur et de l\u2019acheteur. Cette vid\u00e9o d\u00e9taille les cas du B2B &hellip; La m\u00e9canique de la facturation \u00e9lectronique : Partie 2 Lire la suite\u00a0\u00bb\" \/>\n<meta property=\"og:url\" content=\"https:\/\/www.lyca-ec.fr\/?p=2150\" \/>\n<meta property=\"article:published_time\" content=\"2025-10-06T14:10:49+00:00\" \/>\n<meta property=\"article:modified_time\" content=\"2025-10-24T07:20:25+00:00\" \/>\n<meta name=\"author\" content=\"Lyca Expertise &amp; Conseils\" \/>\n<meta name=\"twitter:card\" content=\"summary_large_image\" \/>\n<meta name=\"twitter:label1\" content=\"\u00c9crit par\" \/>\n\t<meta name=\"twitter:data1\" content=\"Lyca Expertise &amp; Conseils\" \/>\n\t<meta name=\"twitter:label2\" content=\"Dur\u00e9e de lecture estim\u00e9e\" \/>\n\t<meta name=\"twitter:data2\" content=\"1 minute\" \/>\n<script type=\"application\/ld+json\" class=\"yoast-schema-graph\">{\"@context\":\"https:\/\/schema.org\",\"@graph\":[{\"@type\":\"Article\",\"@id\":\"https:\/\/www.lyca-ec.fr\/?p=2150#article\",\"isPartOf\":{\"@id\":\"https:\/\/www.lyca-ec.fr\/?p=2150\"},\"author\":{\"name\":\"Lyca Expertise &amp; Conseils\",\"@id\":\"https:\/\/www.lyca-ec.fr\/#\/schema\/person\/c6398f0529e9c0da5b9102d47656b7d7\"},\"headline\":\"La m\u00e9canique de la facturation \u00e9lectronique : Partie 2\",\"datePublished\":\"2025-10-06T14:10:49+00:00\",\"dateModified\":\"2025-10-24T07:20:25+00:00\",\"mainEntityOfPage\":{\"@id\":\"https:\/\/www.lyca-ec.fr\/?p=2150\"},\"wordCount\":224,\"commentCount\":0,\"publisher\":{\"@id\":\"https:\/\/www.lyca-ec.fr\/#organization\"},\"articleSection\":[\"Actualit\u00e9s\"],\"inLanguage\":\"fr-FR\",\"potentialAction\":[{\"@type\":\"CommentAction\",\"name\":\"Comment\",\"target\":[\"https:\/\/www.lyca-ec.fr\/?p=2150#respond\"]}]},{\"@type\":\"WebPage\",\"@id\":\"https:\/\/www.lyca-ec.fr\/?p=2150\",\"url\":\"https:\/\/www.lyca-ec.fr\/?p=2150\",\"name\":\"La m\u00e9canique de la facturation \u00e9lectronique : Partie 2 -\",\"isPartOf\":{\"@id\":\"https:\/\/www.lyca-ec.fr\/#website\"},\"datePublished\":\"2025-10-06T14:10:49+00:00\",\"dateModified\":\"2025-10-24T07:20:25+00:00\",\"breadcrumb\":{\"@id\":\"https:\/\/www.lyca-ec.fr\/?p=2150#breadcrumb\"},\"inLanguage\":\"fr-FR\",\"potentialAction\":[{\"@type\":\"ReadAction\",\"target\":[\"https:\/\/www.lyca-ec.fr\/?p=2150\"]}]},{\"@type\":\"BreadcrumbList\",\"@id\":\"https:\/\/www.lyca-ec.fr\/?p=2150#breadcrumb\",\"itemListElement\":[{\"@type\":\"ListItem\",\"position\":1,\"name\":\"Accueil\",\"item\":\"https:\/\/www.lyca-ec.fr\/\"},{\"@type\":\"ListItem\",\"position\":2,\"name\":\"La m\u00e9canique de la facturation \u00e9lectronique : Partie 2\"}]},{\"@type\":\"WebSite\",\"@id\":\"https:\/\/www.lyca-ec.fr\/#website\",\"url\":\"https:\/\/www.lyca-ec.fr\/\",\"name\":\"LYCA Expertise & Conseils\",\"description\":\"LYCA Expertise &amp; Conseils\",\"publisher\":{\"@id\":\"https:\/\/www.lyca-ec.fr\/#organization\"},\"potentialAction\":[{\"@type\":\"SearchAction\",\"target\":{\"@type\":\"EntryPoint\",\"urlTemplate\":\"https:\/\/www.lyca-ec.fr\/?s={search_term_string}\"},\"query-input\":\"required name=search_term_string\"}],\"inLanguage\":\"fr-FR\"},{\"@type\":\"Organization\",\"@id\":\"https:\/\/www.lyca-ec.fr\/#organization\",\"name\":\"LYCA Expertise & Conseils\",\"url\":\"https:\/\/www.lyca-ec.fr\/\",\"logo\":{\"@type\":\"ImageObject\",\"inLanguage\":\"fr-FR\",\"@id\":\"https:\/\/www.lyca-ec.fr\/#\/schema\/logo\/image\/\",\"url\":\"https:\/\/www.lyca-ec.fr\/wp-content\/uploads\/2022\/11\/cropped-cropped-Copie-de-Noir-et-Or-Cercle-Immobilier-Logo-2_prev_ui.png\",\"contentUrl\":\"https:\/\/www.lyca-ec.fr\/wp-content\/uploads\/2022\/11\/cropped-cropped-Copie-de-Noir-et-Or-Cercle-Immobilier-Logo-2_prev_ui.png\",\"width\":305,\"height\":300,\"caption\":\"LYCA Expertise & Conseils\"},\"image\":{\"@id\":\"https:\/\/www.lyca-ec.fr\/#\/schema\/logo\/image\/\"},\"sameAs\":[\"https:\/\/www.linkedin.com\/company\/lyca-expertise-conseils\"]},{\"@type\":\"Person\",\"@id\":\"https:\/\/www.lyca-ec.fr\/#\/schema\/person\/c6398f0529e9c0da5b9102d47656b7d7\",\"name\":\"Lyca Expertise &amp; Conseils\",\"image\":{\"@type\":\"ImageObject\",\"inLanguage\":\"fr-FR\",\"@id\":\"https:\/\/www.lyca-ec.fr\/#\/schema\/person\/image\/\",\"url\":\"https:\/\/secure.gravatar.com\/avatar\/61e1b03b65f73e0bc872340b60347a6b664ecaab6410d9f0763e9e9b16081d08?s=96&d=mm&r=g\",\"contentUrl\":\"https:\/\/secure.gravatar.com\/avatar\/61e1b03b65f73e0bc872340b60347a6b664ecaab6410d9f0763e9e9b16081d08?s=96&d=mm&r=g\",\"caption\":\"Lyca Expertise &amp; Conseils\"},\"sameAs\":[\"http:\/\/www.lyca-ec.fr\"],\"url\":\"https:\/\/www.lyca-ec.fr\/?author=1\"}]}<\/script>\n<!-- \/ Yoast SEO plugin. -->","yoast_head_json":{"title":"La m\u00e9canique de la facturation \u00e9lectronique : Partie 2 -","robots":{"index":"index","follow":"follow","max-snippet":"max-snippet:-1","max-image-preview":"max-image-preview:large","max-video-preview":"max-video-preview:-1"},"canonical":"https:\/\/www.lyca-ec.fr\/?p=2150","og_locale":"fr_FR","og_type":"article","og_title":"La m\u00e9canique de la facturation \u00e9lectronique : Partie 2 -","og_description":"1&nbsp;| Les d\u00e9lais et donn\u00e9es transmises&nbsp;(3&rsquo;21)Les donn\u00e9es \u00e0 transmettre au client et \u00e0 l\u2019administration fiscale d\u00e9pendent de l\u2019assujettissement du vendeur et de l\u2019acheteur. Cette vid\u00e9o d\u00e9taille les cas du B2B &hellip; La m\u00e9canique de la facturation \u00e9lectronique : Partie 2 Lire la suite\u00a0\u00bb","og_url":"https:\/\/www.lyca-ec.fr\/?p=2150","article_published_time":"2025-10-06T14:10:49+00:00","article_modified_time":"2025-10-24T07:20:25+00:00","author":"Lyca Expertise &amp; Conseils","twitter_card":"summary_large_image","twitter_misc":{"\u00c9crit par":"Lyca Expertise &amp; Conseils","Dur\u00e9e de lecture estim\u00e9e":"1 minute"},"schema":{"@context":"https:\/\/schema.org","@graph":[{"@type":"Article","@id":"https:\/\/www.lyca-ec.fr\/?p=2150#article","isPartOf":{"@id":"https:\/\/www.lyca-ec.fr\/?p=2150"},"author":{"name":"Lyca Expertise &amp; Conseils","@id":"https:\/\/www.lyca-ec.fr\/#\/schema\/person\/c6398f0529e9c0da5b9102d47656b7d7"},"headline":"La m\u00e9canique de la facturation \u00e9lectronique : Partie 2","datePublished":"2025-10-06T14:10:49+00:00","dateModified":"2025-10-24T07:20:25+00:00","mainEntityOfPage":{"@id":"https:\/\/www.lyca-ec.fr\/?p=2150"},"wordCount":224,"commentCount":0,"publisher":{"@id":"https:\/\/www.lyca-ec.fr\/#organization"},"articleSection":["Actualit\u00e9s"],"inLanguage":"fr-FR","potentialAction":[{"@type":"CommentAction","name":"Comment","target":["https:\/\/www.lyca-ec.fr\/?p=2150#respond"]}]},{"@type":"WebPage","@id":"https:\/\/www.lyca-ec.fr\/?p=2150","url":"https:\/\/www.lyca-ec.fr\/?p=2150","name":"La m\u00e9canique de la facturation \u00e9lectronique : Partie 2 -","isPartOf":{"@id":"https:\/\/www.lyca-ec.fr\/#website"},"datePublished":"2025-10-06T14:10:49+00:00","dateModified":"2025-10-24T07:20:25+00:00","breadcrumb":{"@id":"https:\/\/www.lyca-ec.fr\/?p=2150#breadcrumb"},"inLanguage":"fr-FR","potentialAction":[{"@type":"ReadAction","target":["https:\/\/www.lyca-ec.fr\/?p=2150"]}]},{"@type":"BreadcrumbList","@id":"https:\/\/www.lyca-ec.fr\/?p=2150#breadcrumb","itemListElement":[{"@type":"ListItem","position":1,"name":"Accueil","item":"https:\/\/www.lyca-ec.fr\/"},{"@type":"ListItem","position":2,"name":"La m\u00e9canique de la facturation \u00e9lectronique : Partie 2"}]},{"@type":"WebSite","@id":"https:\/\/www.lyca-ec.fr\/#website","url":"https:\/\/www.lyca-ec.fr\/","name":"LYCA Expertise & Conseils","description":"LYCA Expertise &amp; Conseils","publisher":{"@id":"https:\/\/www.lyca-ec.fr\/#organization"},"potentialAction":[{"@type":"SearchAction","target":{"@type":"EntryPoint","urlTemplate":"https:\/\/www.lyca-ec.fr\/?s={search_term_string}"},"query-input":"required name=search_term_string"}],"inLanguage":"fr-FR"},{"@type":"Organization","@id":"https:\/\/www.lyca-ec.fr\/#organization","name":"LYCA Expertise & Conseils","url":"https:\/\/www.lyca-ec.fr\/","logo":{"@type":"ImageObject","inLanguage":"fr-FR","@id":"https:\/\/www.lyca-ec.fr\/#\/schema\/logo\/image\/","url":"https:\/\/www.lyca-ec.fr\/wp-content\/uploads\/2022\/11\/cropped-cropped-Copie-de-Noir-et-Or-Cercle-Immobilier-Logo-2_prev_ui.png","contentUrl":"https:\/\/www.lyca-ec.fr\/wp-content\/uploads\/2022\/11\/cropped-cropped-Copie-de-Noir-et-Or-Cercle-Immobilier-Logo-2_prev_ui.png","width":305,"height":300,"caption":"LYCA Expertise & Conseils"},"image":{"@id":"https:\/\/www.lyca-ec.fr\/#\/schema\/logo\/image\/"},"sameAs":["https:\/\/www.linkedin.com\/company\/lyca-expertise-conseils"]},{"@type":"Person","@id":"https:\/\/www.lyca-ec.fr\/#\/schema\/person\/c6398f0529e9c0da5b9102d47656b7d7","name":"Lyca Expertise &amp; Conseils","image":{"@type":"ImageObject","inLanguage":"fr-FR","@id":"https:\/\/www.lyca-ec.fr\/#\/schema\/person\/image\/","url":"https:\/\/secure.gravatar.com\/avatar\/61e1b03b65f73e0bc872340b60347a6b664ecaab6410d9f0763e9e9b16081d08?s=96&d=mm&r=g","contentUrl":"https:\/\/secure.gravatar.com\/avatar\/61e1b03b65f73e0bc872340b60347a6b664ecaab6410d9f0763e9e9b16081d08?s=96&d=mm&r=g","caption":"Lyca Expertise &amp; Conseils"},"sameAs":["http:\/\/www.lyca-ec.fr"],"url":"https:\/\/www.lyca-ec.fr\/?author=1"}]}},"_links":{"self":[{"href":"https:\/\/www.lyca-ec.fr\/index.php?rest_route=\/wp\/v2\/posts\/2150","targetHints":{"allow":["GET"]}}],"collection":[{"href":"https:\/\/www.lyca-ec.fr\/index.php?rest_route=\/wp\/v2\/posts"}],"about":[{"href":"https:\/\/www.lyca-ec.fr\/index.php?rest_route=\/wp\/v2\/types\/post"}],"author":[{"embeddable":true,"href":"https:\/\/www.lyca-ec.fr\/index.php?rest_route=\/wp\/v2\/users\/1"}],"replies":[{"embeddable":true,"href":"https:\/\/www.lyca-ec.fr\/index.php?rest_route=%2Fwp%2Fv2%2Fcomments&post=2150"}],"version-history":[{"count":5,"href":"https:\/\/www.lyca-ec.fr\/index.php?rest_route=\/wp\/v2\/posts\/2150\/revisions"}],"predecessor-version":[{"id":2155,"href":"https:\/\/www.lyca-ec.fr\/index.php?rest_route=\/wp\/v2\/posts\/2150\/revisions\/2155"}],"wp:attachment":[{"href":"https:\/\/www.lyca-ec.fr\/index.php?rest_route=%2Fwp%2Fv2%2Fmedia&parent=2150"}],"wp:term":[{"taxonomy":"category","embeddable":true,"href":"https:\/\/www.lyca-ec.fr\/index.php?rest_route=%2Fwp%2Fv2%2Fcategories&post=2150"},{"taxonomy":"post_tag","embeddable":true,"href":"https:\/\/www.lyca-ec.fr\/index.php?rest_route=%2Fwp%2Fv2%2Ftags&post=2150"}],"curies":[{"name":"wp","href":"https:\/\/api.w.org\/{rel}","templated":true}]}}